{"id":1095,"date":"2013-04-19T21:50:27","date_gmt":"2013-04-20T00:50:27","guid":{"rendered":"http:\/\/sedes.mopen.com.br\/Departamentos\/Psicanalise_da_crianca\/?p=1095"},"modified":"2017-07-09T21:33:52","modified_gmt":"2017-07-10T00:33:52","slug":"24-04-2013-bebes-o-comecar-humano","status":"publish","type":"post","link":"https:\/\/sedes.org.br\/Departamentos\/Psicanalise_da_crianca\/?p=1095","title":{"rendered":"INTERLOCU\u00c7\u00d5ES: Beb\u00eas: o come\u00e7ar humano"},"content":{"rendered":"<p><a href=\"http:\/\/sedes.mopen.com.br\/Departamentos\/Psicanalise_da_crianca\/wp-content\/uploads\/2013\/04\/encontro_bebes_full.jpg\"><img fetchpriority=\"high\" class=\"lazyload alignleft size-full wp-image-1096\" title=\"encontro_bebes_full\" src=\"http:\/\/sedes.mopen.com.br\/Departamentos\/Psicanalise_da_crianca\/wp-content\/uploads\/2013\/04\/encontro_bebes_full.jpg\" data-orig-src=\"http:\/\/sedes.mopen.com.br\/Departamentos\/Psicanalise_da_crianca\/wp-content\/uploads\/2013\/04\/encontro_bebes_full.jpg\" alt=\"\" width=\"615\" height=\"999\" srcset=\"data:image\/svg+xml,%3Csvg%20xmlns%3D%27http%3A%2F%2Fwww.w3.org%2F2000%2Fsvg%27%20width%3D%27615%27%20height%3D%27999%27%20viewBox%3D%270%200%20615%20999%27%3E%3Crect%20width%3D%27615%27%20height%3D%27999%27%20fill-opacity%3D%220%22%2F%3E%3C%2Fsvg%3E\" data-srcset=\"https:\/\/sedes.org.br\/Departamentos\/Psicanalise_da_crianca\/wp-content\/uploads\/2013\/04\/encontro_bebes_full-184x300.jpg 184w, https:\/\/sedes.org.br\/Departamentos\/Psicanalise_da_crianca\/wp-content\/uploads\/2013\/04\/encontro_bebes_full.jpg 615w\" data-sizes=\"auto\" data-orig-sizes=\"(max-width: 615px) 100vw, 615px\" \/><\/a><\/p>\n","protected":false},"excerpt":{"rendered":"","protected":false},"author":1,"featured_media":0,"comment_status":"closed","ping_status":"closed","sticky":false,"template":"","format":"standard","meta":{"content-type":""},"categories":[70],"tags":[],"_links":{"self":[{"href":"https:\/\/sedes.org.br\/Departamentos\/Psicanalise_da_crianca\/index.php?rest_route=\/wp\/v2\/posts\/1095"}],"collection":[{"href":"https:\/\/sedes.org.br\/Departamentos\/Psicanalise_da_crianca\/index.php?rest_route=\/wp\/v2\/posts"}],"about":[{"href":"https:\/\/sedes.org.br\/Departamentos\/Psicanalise_da_crianca\/index.php?rest_route=\/wp\/v2\/types\/post"}],"author":[{"embeddable":true,"href":"https:\/\/sedes.org.br\/Departamentos\/Psicanalise_da_crianca\/index.php?rest_route=\/wp\/v2\/users\/1"}],"replies":[{"embeddable":true,"href":"https:\/\/sedes.org.br\/Departamentos\/Psicanalise_da_crianca\/index.php?rest_route=%2Fwp%2Fv2%2Fcomments&post=1095"}],"version-history":[{"count":11,"href":"https:\/\/sedes.org.br\/Departamentos\/Psicanalise_da_crianca\/index.php?rest_route=\/wp\/v2\/posts\/1095\/revisions"}],"predecessor-version":[{"id":2603,"href":"https:\/\/sedes.org.br\/Departamentos\/Psicanalise_da_crianca\/index.php?rest_route=\/wp\/v2\/posts\/1095\/revisions\/2603"}],"wp:attachment":[{"href":"https:\/\/sedes.org.br\/Departamentos\/Psicanalise_da_crianca\/index.php?rest_route=%2Fwp%2Fv2%2Fmedia&parent=1095"}],"wp:term":[{"taxonomy":"category","embeddable":true,"href":"https:\/\/sedes.org.br\/Departamentos\/Psicanalise_da_crianca\/index.php?rest_route=%2Fwp%2Fv2%2Fcategories&post=1095"},{"taxonomy":"post_tag","embeddable":true,"href":"https:\/\/sedes.org.br\/Departamentos\/Psicanalise_da_crianca\/index.php?rest_route=%2Fwp%2Fv2%2Ftags&post=1095"}],"curies":[{"name":"wp","href":"https:\/\/api.w.org\/{rel}","templated":true}]}}