{"id":1278,"date":"2013-08-26T08:07:58","date_gmt":"2013-08-26T11:07:58","guid":{"rendered":"http:\/\/sedes.mopen.com.br\/Departamentos\/Psicanalise_da_crianca\/?p=1278"},"modified":"2017-07-09T21:31:48","modified_gmt":"2017-07-10T00:31:48","slug":"debate-pacientes-fronteiricos-onde-comeca-a-fronteira","status":"publish","type":"post","link":"https:\/\/sedes.org.br\/Departamentos\/Psicanalise_da_crianca\/?p=1278","title":{"rendered":"INTERLOCU\u00c7\u00d5ES: Pacientes fronteiri\u00e7os: onde come\u00e7a a fronteira?"},"content":{"rendered":"<p><a href=\"http:\/\/sedes.mopen.com.br\/Departamentos\/Psicanalise_da_crianca\/wp-content\/uploads\/2013\/08\/encontro.jpg\"><img fetchpriority=\"high\" src=\"http:\/\/sedes.mopen.com.br\/Departamentos\/Psicanalise_da_crianca\/wp-content\/uploads\/2013\/08\/encontro.jpg\" data-orig-src=\"http:\/\/sedes.mopen.com.br\/Departamentos\/Psicanalise_da_crianca\/wp-content\/uploads\/2013\/08\/encontro.jpg\" alt=\"\" title=\"encontro\" width=\"827\" height=\"1690\" class=\"lazyload alignnone size-full wp-image-1280\" srcset=\"data:image\/svg+xml,%3Csvg%20xmlns%3D%27http%3A%2F%2Fwww.w3.org%2F2000%2Fsvg%27%20width%3D%27827%27%20height%3D%271690%27%20viewBox%3D%270%200%20827%201690%27%3E%3Crect%20width%3D%27827%27%20height%3D%271690%27%20fill-opacity%3D%220%22%2F%3E%3C%2Fsvg%3E\" data-srcset=\"https:\/\/sedes.org.br\/Departamentos\/Psicanalise_da_crianca\/wp-content\/uploads\/2013\/08\/encontro-501x1024.jpg 501w, https:\/\/sedes.org.br\/Departamentos\/Psicanalise_da_crianca\/wp-content\/uploads\/2013\/08\/encontro.jpg 827w\" data-sizes=\"auto\" data-orig-sizes=\"(max-width: 827px) 100vw, 827px\" \/><\/a><\/p>\n<p>Clique <a href=\"http:\/\/sedes.org.br\/Departamentos\/Psicanalise_crianca\/ficha_inscricao_interlocucoes_agosto2013.doc\" target=\"_blank\"><strong>aqui<\/strong><\/a> para fazer o download da ficha de inscri\u00e7\u00e3o.<\/p>\n","protected":false},"excerpt":{"rendered":"<p>Clique aqui para fazer o download da ficha de inscri\u00e7\u00e3o.<\/p>\n","protected":false},"author":1,"featured_media":0,"comment_status":"closed","ping_status":"closed","sticky":false,"template":"","format":"standard","meta":{"content-type":""},"categories":[70],"tags":[],"_links":{"self":[{"href":"https:\/\/sedes.org.br\/Departamentos\/Psicanalise_da_crianca\/index.php?rest_route=\/wp\/v2\/posts\/1278"}],"collection":[{"href":"https:\/\/sedes.org.br\/Departamentos\/Psicanalise_da_crianca\/index.php?rest_route=\/wp\/v2\/posts"}],"about":[{"href":"https:\/\/sedes.org.br\/Departamentos\/Psicanalise_da_crianca\/index.php?rest_route=\/wp\/v2\/types\/post"}],"author":[{"embeddable":true,"href":"https:\/\/sedes.org.br\/Departamentos\/Psicanalise_da_crianca\/index.php?rest_route=\/wp\/v2\/users\/1"}],"replies":[{"embeddable":true,"href":"https:\/\/sedes.org.br\/Departamentos\/Psicanalise_da_crianca\/index.php?rest_route=%2Fwp%2Fv2%2Fcomments&post=1278"}],"version-history":[{"count":6,"href":"https:\/\/sedes.org.br\/Departamentos\/Psicanalise_da_crianca\/index.php?rest_route=\/wp\/v2\/posts\/1278\/revisions"}],"predecessor-version":[{"id":2601,"href":"https:\/\/sedes.org.br\/Departamentos\/Psicanalise_da_crianca\/index.php?rest_route=\/wp\/v2\/posts\/1278\/revisions\/2601"}],"wp:attachment":[{"href":"https:\/\/sedes.org.br\/Departamentos\/Psicanalise_da_crianca\/index.php?rest_route=%2Fwp%2Fv2%2Fmedia&parent=1278"}],"wp:term":[{"taxonomy":"category","embeddable":true,"href":"https:\/\/sedes.org.br\/Departamentos\/Psicanalise_da_crianca\/index.php?rest_route=%2Fwp%2Fv2%2Fcategories&post=1278"},{"taxonomy":"post_tag","embeddable":true,"href":"https:\/\/sedes.org.br\/Departamentos\/Psicanalise_da_crianca\/index.php?rest_route=%2Fwp%2Fv2%2Ftags&post=1278"}],"curies":[{"name":"wp","href":"https:\/\/api.w.org\/{rel}","templated":true}]}}