{"id":1528,"date":"2014-05-13T18:25:35","date_gmt":"2014-05-13T21:25:35","guid":{"rendered":"http:\/\/sedes.mopen.com.br\/Departamentos\/Psicanalise_da_crianca\/?p=1528"},"modified":"2014-05-13T18:25:35","modified_gmt":"2014-05-13T21:25:35","slug":"informativo-6carta-de-principios-do-movimento-psicanalise-autismo-e-saude-publica","status":"publish","type":"post","link":"https:\/\/sedes.org.br\/Departamentos\/Psicanalise_da_crianca\/?p=1528","title":{"rendered":"<b>informativo #6:<\/b><br \/>Carta de princ\u00edpios do Movimento Psican\u00e1lise, Autismo e Sa\u00fade P\u00fablica"},"content":{"rendered":"<p>Os Profissionais de sa\u00fade mental e os psicanalistas associados ao <strong>Movimento Psican\u00e1lise, Autismo e Sa\u00fade P\u00fablica<\/strong>, por meio deste manifesto, dirigem-se ao p\u00fablico em geral com o intuito de divulgar e afirmar o lugar das pr\u00e1ticas psicanal\u00edticas e sua posi\u00e7\u00e3o \u00e9tica frente ao panorama atual das pol\u00edticas p\u00fablicas dirigidas ao tratamento das pessoas com autismo e suas fam\u00edlias.<\/p>\n<p>1\u00a0\u00a0\u00a0\u00a0\u00a0\u00a0 A psican\u00e1lise dedica-se ao tratamento da pessoa com autismo em um trabalho que excede em muito a interven\u00e7\u00e3o em consult\u00f3rios particulares, desdobrando-se em institui\u00e7\u00f5es p\u00fablicas de sa\u00fade e educa\u00e7\u00e3o como UBS (unidades b\u00e1sicas de sa\u00fade), CAPS, cl\u00ednicas de atendimento ambulatorial universit\u00e1rias, ONGS, hospitais, institui\u00e7\u00f5es terap\u00eauticas, creches, escolas e abrigos, nos quais diversos profissionais interv\u00eam com um referencial psicanal\u00edtico no atendimento daqueles que se apresentam no chamado \u201cespectro aut\u00edstico\u201d.<\/p>\n<p>2\u00a0\u00a0\u00a0\u00a0\u00a0\u00a0 A formula\u00e7\u00e3o das pol\u00edticas p\u00fablicas deve considerar a urgente necessidade de ampliar a rede de servi\u00e7os implicadas na sa\u00fade mental infantil, com foco no cuidado com as pessoas com autismo e suas fam\u00edlias no SUS, e colocar a Sa\u00fade Mental Infantil na agenda de prioridades das Pol\u00edticas P\u00fablicas.<\/p>\n<p>3\u00a0\u00a0\u00a0\u00a0\u00a0\u00a0 Nesse sentido, o Movimento apoia a implementa\u00e7\u00e3o efetiva da Linha de Cuidado para Aten\u00e7\u00e3o \u00e0s Pessoas com Transtorno do Espectro do Autismo na Rede de Aten\u00e7\u00e3o Psicossocial do Sistema \u00danico de Sa\u00fade.<\/p>\n<p>4\u00a0\u00a0\u00a0\u00a0\u00a0\u00a0 O valor do conhecimento da psican\u00e1lise e seus efeitos nesse campo s\u00e3o comprovados pelas in\u00fameras publica\u00e7\u00f5es (artigos, disserta\u00e7\u00f5es, teses e livros) realizadas ao longo do tempo de sua pr\u00e1xis com a pessoa com autismo (mais de 70 anos), das quais sua elabora\u00e7\u00e3o te\u00f3rica \u00e9 uma consequ\u00eancia. Isso possibilita uma transmiss\u00e3o que se realiza em institui\u00e7\u00f5es de psican\u00e1lise e que se ensina como conhecimento no \u00e2mbito universit\u00e1rio.<\/p>\n<p>5\u00a0\u00a0\u00a0\u00a0\u00a0\u00a0 \u00a0As interven\u00e7\u00f5es psicanal\u00edticas ocorrem de acordo com o princ\u00edpio de que as pol\u00edticas p\u00fablicas de sa\u00fade e educa\u00e7\u00e3o devem considerar tr\u00eas dimens\u00f5es no atendimento \u00e0 popula\u00e7\u00e3o: f\u00edsica (org\u00e2nica), mental (ps\u00edquica), social (cidadania) e temporal (desenvolvimento).<\/p>\n<p>6\u00a0\u00a0\u00a0\u00a0\u00a0\u00a0 Devido \u00e0 complexidade desse quadro, o tratamento na sa\u00fade e a inser\u00e7\u00e3o na educa\u00e7\u00e3o da pessoa com autismo exige um atendimento interdisciplinar e intersetorial, do qual a psican\u00e1lise faz parte. Considera-se que os sintomas e os impasses na estrutura\u00e7\u00e3o da realidade ps\u00edquica e corporal no autismo t\u00eam repercuss\u00e3o na sa\u00fade, na educa\u00e7\u00e3o e na socializa\u00e7\u00e3o das crian\u00e7as autistas.<\/p>\n<p>7\u00a0\u00a0\u00a0\u00a0\u00a0\u00a0 O sintoma \u00e9 considerado pela psican\u00e1lise como um modo que a pessoa autista tem de estar no mundo, e por isso partimos dessa produ\u00e7\u00e3o para a interven\u00e7\u00e3o.<\/p>\n<p>8\u00a0\u00a0\u00a0\u00a0\u00a0\u00a0 O objetivo geral da psican\u00e1lise com sujeitos autistas \u00e9 o de minimizar suas ang\u00fastias, ampliar suas capacidades de aprendizagem, permitir que eles encontrem prazer nas trocas emocionais e afetivas e proporcionar uma amplia\u00e7\u00e3o de seu campo de escolha, bem como de sua possibilidade de aumentar suas redes de relacionamento, com maior qualidade nas trocas com os outros, valendo-se de recursos simb\u00f3licos poss\u00edveis que lhe possibilitem usufruir o m\u00e1ximo de sua conviv\u00eancia com os demais.<\/p>\n<p>9\u00a0\u00a0\u00a0\u00a0\u00a0\u00a0 O Movimento sustenta e recomenda a inclus\u00e3o de crian\u00e7as com autismo em escolas regulares sempre que poss\u00edvel (como op\u00e7\u00e3o priorit\u00e1ria), contando com uma rede de apoio interdisciplinar e intersetorial que articule o di\u00e1logo entre sa\u00fade e educa\u00e7\u00e3o, a fim de considerar as possibilidades e as dificuldades singulares de cada crian\u00e7a. A inclus\u00e3o implica um projeto educacional para que a crian\u00e7a participe, aprenda de acordo com as suas possibilidades e se integre \u00e0s atividades escolares.<\/p>\n<p>10\u00a0\u00a0\u00a0\u00a0 Deve-se reconhecer a crian\u00e7a como cidad\u00e3o com pleno direito de acesso a toda forma de tratamento para seu sofrimento.<\/p>\n<p>11\u00a0\u00a0\u00a0\u00a0 \u00c9 decisiva a interven\u00e7\u00e3o junto \u00e0 fam\u00edlia, acolhendo suas preocupa\u00e7\u00f5es, reflex\u00f5es, ang\u00fastias, a fim de, junto com ela, ir estabelecendo as possibilidades e dificuldades do paciente.<\/p>\n<p>12\u00a0\u00a0\u00a0\u00a0 O Movimento considera que as fam\u00edlias das pessoas com autismo devem ter o direito de escolher as abordagens de tratamento para seus filhos.<strong>\u00a0 <\/strong>Principalmente porque o debate permanece em aberto na comunidade cient\u00edfica, n\u00e3o considerando como eficaz um \u00fanico m\u00e9todo de interven\u00e7\u00e3o em detrimento dos outros. Para tanto, as fam\u00edlias devem ter acesso \u00e0s informa\u00e7\u00f5es acerca das abordagens de tratamento.<\/p>\n<p>13\u00a0\u00a0\u00a0\u00a0 Por isso, restringir o tratamento de pessoas diagnosticadas no espectro do\u00a0autismo\u00a0\u00e0 utiliza\u00e7\u00e3o de uma \u00fanica metodologia (como t\u00eam se proposto algumas medidas p\u00fablicas apoiadas em argumentos falaciosos de cientificidade) representa um retrocesso terap\u00eautico e cient\u00edfico em um campo no qual tem se revelado que s\u00f3 \u00e9 poss\u00edvel avan\u00e7ar por meio da complexidade.<\/p>\n<p>14\u00a0\u00a0\u00a0\u00a0 \u00c9 preciso que a sa\u00fade mental seja exercida levando em considera\u00e7\u00e3o as diferentes concep\u00e7\u00f5es de psicopatologia que h\u00e1 na atualidade.<\/p>\n<p>15\u00a0\u00a0\u00a0\u00a0 Alertamos para o fato de que n\u00e3o pode haver no campo da sa\u00fade mental um reducionismo dogm\u00e1tico que ignore a complexidade do sofrimento ps\u00edquico, pretendendo instaurar uma \u00fanica forma de abordagem hegem\u00f4nica diante dele.<\/p>\n<p>16\u00a0\u00a0\u00a0\u00a0 O DSM apresenta uma das concep\u00e7\u00f5es de psicopatologia. Nele, o sofrimento ps\u00edquico \u00e9 subordinado a princ\u00edpios organicistas, \u00e9 reduzido a um cat\u00e1logo de sintomas, e os atendimentos que se orientam por ele fazem um <em>fast check-list<\/em> que tem levado a uma patologiza\u00e7\u00e3o e a uma medicaliza\u00e7\u00e3o excessiva da inf\u00e2ncia e da adolesc\u00eancia.<\/p>\n<p>17\u00a0\u00a0\u00a0\u00a0 O Movimento apoia e recomenda vivamente a pluralidade, a diversidade e o debate, cient\u00edfico e metodol\u00f3gico, das abordagens de tratamento da pessoa com autismo e tamb\u00e9m nos crit\u00e9rios diagn\u00f3sticos empregados em suas avalia\u00e7\u00f5es.<\/p>\n<p>18\u00a0\u00a0\u00a0\u00a0 Quanto \u00e0 etiologia (causa) do autismo, as descobertas da neurologia, gen\u00e9tica e psiquiatria, tem encontrado algumas correla\u00e7\u00f5es entre certas patologias org\u00e2nicas e quadros de autismos, mas n\u00e3o uma \u00fanica causa que permita centrar seu diagn\u00f3stico em exames laboratoriais ou seu tratamento em solu\u00e7\u00f5es medicamentosas.<\/p>\n<p>19\u00a0\u00a0\u00a0\u00a0 Sendo um quadro que se apresenta pela dificuldade que a pessoa autista tem em se relacionar com os outros, mesmo com aquelas pessoas mais implicadas em seus cuidados, h\u00e1 consenso quanto \u00e0 necessidade de intervir nessa possibilidade de rela\u00e7\u00e3o. A psican\u00e1lise contribui nesse campo porque prop\u00f5e formas de interven\u00e7\u00e3o na constitui\u00e7\u00e3o ps\u00edquica e no estabelecimento da rela\u00e7\u00e3o com os outros.<\/p>\n<p>20\u00a0\u00a0\u00a0\u00a0 A pr\u00e1tica psicanal\u00edtica revela a import\u00e2ncia de realizar uma interven\u00e7\u00e3o precoce diante de sinais de risco para o desenvolvimento infantil, para que se possa intervir antes que o quadro psicopatol\u00f3gico encontre-se configurado.<\/p>\n<p>21\u00a0\u00a0\u00a0\u00a0 A detec\u00e7\u00e3o precoce de sofrimento em beb\u00eas e sua interven\u00e7\u00e3o \u00e9 indicada na aten\u00e7\u00e3o prim\u00e1ria.<\/p>\n<p>22\u00a0\u00a0\u00a0\u00a0 Apoiamos a sustenta\u00e7\u00e3o de redes intersetoriais (com a presen\u00e7a dos setores da sa\u00fade, da educa\u00e7\u00e3o, da assist\u00eancia social, do direito e da justi\u00e7a) que considerem as diferen\u00e7as territoriais e locais, bem como a sustenta\u00e7\u00e3o dos projetos particulares e inovadores que v\u00eam surgindo a partir delas. Por isso, os tratamentos em centros especializados de sa\u00fade e de educa\u00e7\u00e3o por patologia, n\u00e3o devem ser priorit\u00e1rios. \u00a0Nesse sentido, apontamos a necessidade de trabalhar pela prioriza\u00e7\u00e3o e implementa\u00e7\u00e3o de diretrizes que regem o atendimento em CAPSI-s que colocam em primeiro plano para a sua interven\u00e7\u00e3o, n\u00e3o o quadro psicopatol\u00f3gico espec\u00edfico, mas a aposta na constitui\u00e7\u00e3o na inf\u00e2ncia e o trabalho interdisciplinar, territorial, intersetorial.<strong> <\/strong><\/p>\n<p>23\u00a0\u00a0\u00a0\u00a0 Consideramos importante que todas as leis\/portarias no \u00e2mbito das pol\u00edticas p\u00fablicas que normatizem a respeito da pr\u00e1tica social com o autismo n\u00e3o devam prescindir de uma discuss\u00e3o que inclua os v\u00e1rios profissionais representativos desse campo.<\/p>\n<p>24\u00a0\u00a0\u00a0\u00a0 Finalmente, os profissionais apontam que, em grandes linhas, o diagn\u00f3stico e o tratamento psicanal\u00edtico do autismo (dando \u00eanfase \u00e0quele que \u00e9 oferecido nos equipamentos de sa\u00fade p\u00fablica) t\u00eam como objetivo geral:<\/p>\n<p>&#8211; possibilitar as aquisi\u00e7\u00f5es da pessoa com autismo, considerando sua singularidade e a amplia\u00e7\u00e3o de seu campo de interesses, possibilitando-lhe uma extens\u00e3o de suas rela\u00e7\u00f5es.<\/p>\n<p>&#8211; acompanhar e acolher a fam\u00edlia, considerando-a como parceira fundamental no tratamento.<\/p>\n<p>Diante da import\u00e2ncia de tratar e educar crian\u00e7as e adultos com autismo de uma perspectiva que leve em conta a singularidade de seu sofrimento, o Movimento indica como fundamentais as seguintes a\u00e7\u00f5es na sa\u00fade p\u00fablica:<\/p>\n<ol>\n<li>Amplia\u00e7\u00e3o do campo da detec\u00e7\u00e3o e da interven\u00e7\u00e3o precoces diante de sinais de risco para o desenvolvimento infantil nos equipamentos p\u00fablicos de sa\u00fade, educa\u00e7\u00e3o e assist\u00eancia social.<\/li>\n<li>Investimento na forma\u00e7\u00e3o e capacita\u00e7\u00e3o de profissionais, na dissemina\u00e7\u00e3o de conhecimentos, instrumentos e estrat\u00e9gias cl\u00ednicas de detec\u00e7\u00e3o e interven\u00e7\u00e3o precoce, com \u00eanfase na aten\u00e7\u00e3o prim\u00e1ria de sa\u00fade.<\/li>\n<li>Fortalecimento, nos servi\u00e7os de sa\u00fade e educa\u00e7\u00e3o, de perspectivas de atendimento que levem em conta a import\u00e2ncia do estabelecimento do v\u00ednculo da pessoa com autismo com os outros.<\/li>\n<li>Dissemina\u00e7\u00e3o dos conhecimentos a respeito da multicausalidade do autismo e amplia\u00e7\u00e3o do debate sobre a preval\u00eancia do diagn\u00f3stico em exames laboratoriais e de seu tratamento medicamentoso, denunciando a cria\u00e7\u00e3o de falsas epidemias (como a multiplica\u00e7\u00e3o do diagn\u00f3stico de autismo na atualidade).<\/li>\n<li>Preserva\u00e7\u00e3o, sem exclus\u00e3o de nenhuma delas, das\u00a0 quatro dimens\u00f5es que devem estar igualmente presentes no atendimento da pessoa com autismo: f\u00edsica (org\u00e2nica), mental (ps\u00edquica), social (relativa \u00e0 cidadania) e temporal (a perspectiva do desenvolvimento).<\/li>\n<li>\u00a0Ado\u00e7\u00e3o de\u00a0 projetos terap\u00eauticos singulares (PTS), bem como o acolhimento e o acompanhamento implicados (formulados pelo Minist\u00e9rio da Sa\u00fade em 2005).<\/li>\n<li>Apoio \u00e0 implementa\u00e7\u00e3o efetiva da Linha de Cuidado para Aten\u00e7\u00e3o \u00e0s Pessoas com Transtorno do Espectro do Autismo na Rede de Aten\u00e7\u00e3o Psicossocial do Sistema \u00danico de Sa\u00fade.<\/li>\n<li>Sustenta\u00e7\u00e3o e amplia\u00e7\u00e3o de redes intersetoriais e interdisciplinares de tratamento (com a presen\u00e7a dos setores da sa\u00fade, da educa\u00e7\u00e3o, da assist\u00eancia social, do direito e da justi\u00e7a) que considerem as diferen\u00e7as territoriais e locais, bem como a sustenta\u00e7\u00e3o dos projetos particulares e inovadores que v\u00eam surgindo a partir delas.<\/li>\n<\/ol>\n<p>Desta forma, os signat\u00e1rios desta Carta de Princ\u00edpios v\u00eam a p\u00fablico para esclarecer as contribui\u00e7\u00f5es da psican\u00e1lise para o tratamento da pessoa com autismo, para o acolhimento de seus familiares e para a elabora\u00e7\u00e3o de pol\u00edticas p\u00fablicas no \u00e2mbito cl\u00ednico, educacional e social.<\/p>\n<p>Informa\u00e7\u00f5es: <a href=\"http:\/\/psicanaliseautismoesaudepublica.wordpress.com\/about\/\">http:\/\/psicanaliseautismoesaudepublica.wordpress.com\/about\/<\/a><strong><\/strong><\/p>\n<p><strong>Institui\u00e7\u00f5es participantes<\/strong><\/p>\n<p><strong>Universidades:<\/strong>FEUSP,FMUSP, Grupo de estudo sobre a crian\u00e7a (e sua linguagem) na cl\u00ednica psicanal\u00edtica \u2013 GECLIPS\/UFUMG, IPUSP, PUC \/RJ, Psicologia PUC \/SP, Fono PUC\/SP, UERJ, UFBA \u2013 ambulat\u00f3rio infanto-juvenil da Resid\u00eancia em Psicologia Cl\u00ednica e Sa\u00fade Mental do Hospital Juliano Moreira\/UFBA-SESAB, UFMG Laborat\u00f3rio de Estudos Cl\u00ednicos da PUC Minas, UFPE, UFRJ, UFSM, UnB, Unesp Bauru, UNICAMP, Univ. Cat\u00f3lica de Bras\u00edlia, Setor de Sa\u00fade Mental do Departamento de Pediatria da UNIFESP, Centro de Refer\u00eancia da Inf\u00e2ncia e da Adolesc\u00eancia \u2013 CRIA\/UNIFESP, DERDIC\/PUCSP, Faculdade de Ci\u00eancias M\u00e9dicas de Minas Gerais (FCMMG), UNIFOR. <strong>Institui\u00e7\u00f5es de Psican\u00e1lise: <\/strong>ALEPH \u2013 Escola de Psican\u00e1lise, Associa\u00e7\u00e3o Psicanal\u00edtica de Curitiba- APC, Circulo Psicanal\u00edtico MG \u2013 CPMG, C\u00edrculo Psicanal\u00edtico de Pernambuco \u2013 CPP, EBP (Escola brasileira de psican\u00e1lise), Escola Letra Freudiana, Espa\u00e7o Moebius\/BA, La\u00e7o Anal\u00edtico, Escola de Psican\u00e1lise dos F\u00f3runs do Campo Lacaniano \u2013 Brasil (EPFCL-Brasil), F\u00f3rum do Campo Lacaniano \u2013 S\u00e3o Paulo (FCL-SP), Rede de Pesquisa sobre as Psicoses do FCL-S\u00e3o Paulo, Rede Brasil Psican\u00e1lise Inf\u00e2ncia\/ FCL, IEPSI, Associa\u00e7\u00e3o Psicanal\u00edtica de Porto Alegre -APPOA, Instituto APPOA, IPB ( instituto de psican\u00e1lise brasileiro), Intersec\u00e7\u00e3o Psicanal\u00edtica do Brasil, Grupo que estuda a clinica com beb\u00eas e as interven\u00e7\u00f5es precoces da Sociedade Brasileira de Psican\u00e1lise de S\u00e3o Paulo, Grupo de Estudos e Investiga\u00e7\u00e3o dos TGD da Sociedade Brasileira de Psican\u00e1lise de S\u00e3o Paulo, Departamento de Psican\u00e1lise do Instituto Sedes Sapientiae (SEDES), Departamento de Forma\u00e7\u00e3o em Psican\u00e1lise do Instituto SEDES, Departamento de Psican\u00e1lise de Crian\u00e7as do Instituto SEDES, Curso de Psicossom\u00e1tica Psicanal\u00edtica do Instituto SEDES, N\u00facleo de Investiga\u00e7\u00e3o Cl\u00ednica Hans da Escola Letra Freudiana, Sigmund Freud Associa\u00e7\u00e3o Psicanal\u00edtica\/RS, GEP\/Campinas, NEPPC\/SP, Instituto da Fam\u00edlia \u2013IFA\/SP, Sociedade Brasileira de Psican\u00e1lise de S\u00e3o Paulo, Inven\u00e7\u00e3o Freudiana \u2013 Transmiss\u00e3o da Psican\u00e1lise. <strong>Centros de atendimentos n\u00e3o governamentais: <\/strong>Ateli\u00ea Espa\u00e7o Terap\u00eautico\/RJ, Attenda\/SP, Centro de Atendimento e Inclus\u00e3o Social, CAIS\/MG, Carretel \u2013 Cl\u00ednica Interdisciplinar do La\u00e7o\/SP, Carrossel\/BA, Centro da Inf\u00e2ncia e Adolesc\u00eancia Maud Mannoni CIAMM, CERSAMI de Betim, Centro de Estudos, Pesquisa e Atendimento Global da Inf\u00e2ncia e Adolesc\u00eancia \u2013 CEPAGIA\/Bras\u00edlia\/DF, Cl\u00ednica Mauro Spinelli\/SP, Clube\/SP, CPPL \u2013 Centro de Pesquisa em Psican\u00e1lise e Linguagem, Centro de Pesquisa em Psican\u00e1lise e Linguagem de Recife \u2013 CPPL, Escola Trilha, ENFF, Espa\u00e7o Escuta de Londrina, Espa\u00e7o Palavra\/SP, GEP-Campinas, Grupo La\u00e7o\/SP, Grupo de Pesquisa CURUMIM do Instituto de Cl\u00ednica Psicanal\u00edtica\/RJ, Incere, Instituto de Estudo da Familia INEF, Insituto Langage, Instituto Viva Inf\u00e2ncia, LEPH\/MG, Lugar de Vida, Centro Lydia Coriat de Porto Alegre, NIIPI\/BA, NINAR \u2013 N\u00facleo de Estudos Psicanal\u00edticos, N\u00d3S \u2013 Equipe de Acompanhamento Terap\u00eautico, Projetos Terap\u00eauticos\/SP, Trap\u00e9zio\/SP, Associa\u00e7\u00e3o Espa\u00e7o Vivo\/RJ. Cl\u00ednica Psicol\u00f3gica do Instituto Sedes Sapientiae\/SP. <strong>Centros de atendimentos do governo: <\/strong>Caps Pequeno Hans\/RJ, Capsi Guarulhos\/SP, Capsi-Ipiranga\/SP, Capsi-Lapa\/SP, Capsi Mauricio de Sousa\/Pinel-RJ, Capsi Mooca\/SP, CAPSI-Tabo\u00e3o\/SP, CAPSI de Vit\u00f3ria, CARM\/UFRJ, NASF Guarani\/SP, UBS Humberto Pasquale\/SP, Centro de Orienta\u00e7\u00e3o M\u00e9dico-Psicopedag\u00f3gica \u2013 COMPP\/SES-DF, Capsi COMPP\/SES-DF, Capsi Campina Brande\/PB. <strong>Associa\u00e7\u00f5es:<\/strong>ABEB\u00ca \u2013 Associa\u00e7\u00e3o Brasileira de Estudos sobre o Beb\u00ea, ABENEPI\/Macei\u00f3, ABENEPI\/RJ, ABENEPI\/BSB, Associa\u00e7\u00e3o Metrovi\u00e1ria do Excepcional AME, Associa\u00e7\u00e3o Universit\u00e1ria de Pesquisa em Psicopatologia Fundamental, CRP\/SP (conselho regional de psicologia). <strong>Hospitais: <\/strong>Centro Ps\u00edquico da Adolesc\u00eancia e Inf\u00e2ncia da Funda\u00e7\u00e3o Hospitalar do Estado de Minas Gerais (CePAI\/FHEMIG), CISAM\/UPE \u2013 Centro Integrado de Sa\u00fade Amauri de Medeiros \u2013 Universidade de Pernambuco, HCB (Hospital da Crian\u00e7a de Bras\u00edlia), Servi\u00e7o de psicossom\u00e1tica e sa\u00fade mental do Hospital Bar\u00e3o de Lucena -HBL\/ Recife, Hospital Einstein, IEP\/HSC Instituto de Ensino e Pesquisa do Hospital de Santa Catarina, Hospital Pinel, Hospital das Cl\u00ednicas \u2013 Universidade de Pernambuco. <strong>Revista: <\/strong>Revista Mente e C\u00e9rebro. <strong>Grupo de pesquisa: <\/strong>PREAUT BRASIL, Grupo de pesquisa IRDI nas creches.<\/p>\n","protected":false},"excerpt":{"rendered":"<p>Os Profissionais de sa\u00fade mental e os psicanalistas associados ao<\/p>\n","protected":false},"author":1,"featured_media":0,"comment_status":"closed","ping_status":"closed","sticky":false,"template":"","format":"standard","meta":{"content-type":""},"categories":[68],"tags":[],"_links":{"self":[{"href":"https:\/\/sedes.org.br\/Departamentos\/Psicanalise_da_crianca\/index.php?rest_route=\/wp\/v2\/posts\/1528"}],"collection":[{"href":"https:\/\/sedes.org.br\/Departamentos\/Psicanalise_da_crianca\/index.php?rest_route=\/wp\/v2\/posts"}],"about":[{"href":"https:\/\/sedes.org.br\/Departamentos\/Psicanalise_da_crianca\/index.php?rest_route=\/wp\/v2\/types\/post"}],"author":[{"embeddable":true,"href":"https:\/\/sedes.org.br\/Departamentos\/Psicanalise_da_crianca\/index.php?rest_route=\/wp\/v2\/users\/1"}],"replies":[{"embeddable":true,"href":"https:\/\/sedes.org.br\/Departamentos\/Psicanalise_da_crianca\/index.php?rest_route=%2Fwp%2Fv2%2Fcomments&post=1528"}],"version-history":[{"count":2,"href":"https:\/\/sedes.org.br\/Departamentos\/Psicanalise_da_crianca\/index.php?rest_route=\/wp\/v2\/posts\/1528\/revisions"}],"predecessor-version":[{"id":1530,"href":"https:\/\/sedes.org.br\/Departamentos\/Psicanalise_da_crianca\/index.php?rest_route=\/wp\/v2\/posts\/1528\/revisions\/1530"}],"wp:attachment":[{"href":"https:\/\/sedes.org.br\/Departamentos\/Psicanalise_da_crianca\/index.php?rest_route=%2Fwp%2Fv2%2Fmedia&parent=1528"}],"wp:term":[{"taxonomy":"category","embeddable":true,"href":"https:\/\/sedes.org.br\/Departamentos\/Psicanalise_da_crianca\/index.php?rest_route=%2Fwp%2Fv2%2Fcategories&post=1528"},{"taxonomy":"post_tag","embeddable":true,"href":"https:\/\/sedes.org.br\/Departamentos\/Psicanalise_da_crianca\/index.php?rest_route=%2Fwp%2Fv2%2Ftags&post=1528"}],"curies":[{"name":"wp","href":"https:\/\/api.w.org\/{rel}","templated":true}]}}