{"id":1682,"date":"2014-09-17T10:12:35","date_gmt":"2014-09-17T13:12:35","guid":{"rendered":"http:\/\/sedes.mopen.com.br\/Departamentos\/Psicanalise_da_crianca\/?p=1682"},"modified":"2017-07-09T21:27:29","modified_gmt":"2017-07-10T00:27:29","slug":"debate-a-importancia-do-placement","status":"publish","type":"post","link":"https:\/\/sedes.org.br\/Departamentos\/Psicanalise_da_crianca\/?p=1682","title":{"rendered":"INTERLOCU\u00c7\u00d5ES A import\u00e2ncia do &#8220;placement&#8221;"},"content":{"rendered":"<p><img fetchpriority=\"high\" src=\"http:\/\/sedes.mopen.com.br\/Departamentos\/Psicanalise_da_crianca\/wp-content\/uploads\/2014\/09\/winnicott_outubro.jpg\" data-orig-src=\"http:\/\/sedes.mopen.com.br\/Departamentos\/Psicanalise_da_crianca\/wp-content\/uploads\/2014\/09\/winnicott_outubro.jpg\" alt=\"\" title=\"winnicott_outubro\" width=\"827\" height=\"1575\" class=\"lazyload alignnone size-full wp-image-1683\" srcset=\"data:image\/svg+xml,%3Csvg%20xmlns%3D%27http%3A%2F%2Fwww.w3.org%2F2000%2Fsvg%27%20width%3D%27827%27%20height%3D%271575%27%20viewBox%3D%270%200%20827%201575%27%3E%3Crect%20width%3D%27827%27%20height%3D%271575%27%20fill-opacity%3D%220%22%2F%3E%3C%2Fsvg%3E\" data-srcset=\"https:\/\/sedes.org.br\/Departamentos\/Psicanalise_da_crianca\/wp-content\/uploads\/2014\/09\/winnicott_outubro-157x300.jpg 157w, https:\/\/sedes.org.br\/Departamentos\/Psicanalise_da_crianca\/wp-content\/uploads\/2014\/09\/winnicott_outubro-537x1024.jpg 537w, https:\/\/sedes.org.br\/Departamentos\/Psicanalise_da_crianca\/wp-content\/uploads\/2014\/09\/winnicott_outubro.jpg 827w\" data-sizes=\"auto\" data-orig-sizes=\"(max-width: 827px) 100vw, 827px\" \/><\/p>\n","protected":false},"excerpt":{"rendered":"","protected":false},"author":1,"featured_media":0,"comment_status":"closed","ping_status":"closed","sticky":false,"template":"","format":"standard","meta":{"content-type":""},"categories":[70],"tags":[],"_links":{"self":[{"href":"https:\/\/sedes.org.br\/Departamentos\/Psicanalise_da_crianca\/index.php?rest_route=\/wp\/v2\/posts\/1682"}],"collection":[{"href":"https:\/\/sedes.org.br\/Departamentos\/Psicanalise_da_crianca\/index.php?rest_route=\/wp\/v2\/posts"}],"about":[{"href":"https:\/\/sedes.org.br\/Departamentos\/Psicanalise_da_crianca\/index.php?rest_route=\/wp\/v2\/types\/post"}],"author":[{"embeddable":true,"href":"https:\/\/sedes.org.br\/Departamentos\/Psicanalise_da_crianca\/index.php?rest_route=\/wp\/v2\/users\/1"}],"replies":[{"embeddable":true,"href":"https:\/\/sedes.org.br\/Departamentos\/Psicanalise_da_crianca\/index.php?rest_route=%2Fwp%2Fv2%2Fcomments&post=1682"}],"version-history":[{"count":3,"href":"https:\/\/sedes.org.br\/Departamentos\/Psicanalise_da_crianca\/index.php?rest_route=\/wp\/v2\/posts\/1682\/revisions"}],"predecessor-version":[{"id":2597,"href":"https:\/\/sedes.org.br\/Departamentos\/Psicanalise_da_crianca\/index.php?rest_route=\/wp\/v2\/posts\/1682\/revisions\/2597"}],"wp:attachment":[{"href":"https:\/\/sedes.org.br\/Departamentos\/Psicanalise_da_crianca\/index.php?rest_route=%2Fwp%2Fv2%2Fmedia&parent=1682"}],"wp:term":[{"taxonomy":"category","embeddable":true,"href":"https:\/\/sedes.org.br\/Departamentos\/Psicanalise_da_crianca\/index.php?rest_route=%2Fwp%2Fv2%2Fcategories&post=1682"},{"taxonomy":"post_tag","embeddable":true,"href":"https:\/\/sedes.org.br\/Departamentos\/Psicanalise_da_crianca\/index.php?rest_route=%2Fwp%2Fv2%2Ftags&post=1682"}],"curies":[{"name":"wp","href":"https:\/\/api.w.org\/{rel}","templated":true}]}}