{"id":1999,"date":"2015-08-05T20:41:57","date_gmt":"2015-08-05T23:41:57","guid":{"rendered":"http:\/\/sedes.mopen.com.br\/Departamentos\/Psicanalise_da_crianca\/?p=1999"},"modified":"2017-07-09T21:21:49","modified_gmt":"2017-07-10T00:21:49","slug":"debate-historias-e-narrativas-que-constituem-a-parentalidade-na-contemporaneidade","status":"publish","type":"post","link":"https:\/\/sedes.org.br\/Departamentos\/Psicanalise_da_crianca\/?p=1999","title":{"rendered":"INTERLOCU\u00c7\u00d5ES: Hist\u00f3rias e Narrativas que Constituem a Parentalidade na Contemporaneidade"},"content":{"rendered":"<p><img class=\"lazyload\" fetchpriority=\"high\" src=\"data:image\/svg+xml,%3Csvg%20xmlns%3D%27http%3A%2F%2Fwww.w3.org%2F2000%2Fsvg%27%20width%3D%271204%27%20height%3D%271865%27%20viewBox%3D%270%200%201204%201865%27%3E%3Crect%20width%3D%271204%27%20height%3D%271865%27%20fill-opacity%3D%220%22%2F%3E%3C%2Fsvg%3E\" data-orig-src=\"http:\/\/sedes.mopen.com.br\/Departamentos\/Psicanalise_da_crianca\/wp-content\/uploads\/2015\/08\/interlocucoes_2015_ago.jpg\" alt=\"\" title=\"interlocucoes_2015_ago\" width=\"1204\" height=\"1865\" \/><\/p>\n","protected":false},"excerpt":{"rendered":"","protected":false},"author":1,"featured_media":0,"comment_status":"closed","ping_status":"closed","sticky":false,"template":"","format":"standard","meta":{"content-type":""},"categories":[70],"tags":[],"_links":{"self":[{"href":"https:\/\/sedes.org.br\/Departamentos\/Psicanalise_da_crianca\/index.php?rest_route=\/wp\/v2\/posts\/1999"}],"collection":[{"href":"https:\/\/sedes.org.br\/Departamentos\/Psicanalise_da_crianca\/index.php?rest_route=\/wp\/v2\/posts"}],"about":[{"href":"https:\/\/sedes.org.br\/Departamentos\/Psicanalise_da_crianca\/index.php?rest_route=\/wp\/v2\/types\/post"}],"author":[{"embeddable":true,"href":"https:\/\/sedes.org.br\/Departamentos\/Psicanalise_da_crianca\/index.php?rest_route=\/wp\/v2\/users\/1"}],"replies":[{"embeddable":true,"href":"https:\/\/sedes.org.br\/Departamentos\/Psicanalise_da_crianca\/index.php?rest_route=%2Fwp%2Fv2%2Fcomments&post=1999"}],"version-history":[{"count":3,"href":"https:\/\/sedes.org.br\/Departamentos\/Psicanalise_da_crianca\/index.php?rest_route=\/wp\/v2\/posts\/1999\/revisions"}],"predecessor-version":[{"id":2592,"href":"https:\/\/sedes.org.br\/Departamentos\/Psicanalise_da_crianca\/index.php?rest_route=\/wp\/v2\/posts\/1999\/revisions\/2592"}],"wp:attachment":[{"href":"https:\/\/sedes.org.br\/Departamentos\/Psicanalise_da_crianca\/index.php?rest_route=%2Fwp%2Fv2%2Fmedia&parent=1999"}],"wp:term":[{"taxonomy":"category","embeddable":true,"href":"https:\/\/sedes.org.br\/Departamentos\/Psicanalise_da_crianca\/index.php?rest_route=%2Fwp%2Fv2%2Fcategories&post=1999"},{"taxonomy":"post_tag","embeddable":true,"href":"https:\/\/sedes.org.br\/Departamentos\/Psicanalise_da_crianca\/index.php?rest_route=%2Fwp%2Fv2%2Ftags&post=1999"}],"curies":[{"name":"wp","href":"https:\/\/api.w.org\/{rel}","templated":true}]}}