{"id":2046,"date":"2015-10-24T20:13:28","date_gmt":"2015-10-24T23:13:28","guid":{"rendered":"http:\/\/sedes.mopen.com.br\/Departamentos\/Psicanalise_da_crianca\/?p=2046"},"modified":"2017-07-09T21:20:27","modified_gmt":"2017-07-10T00:20:27","slug":"debate-transformacoes-na-familia-contemporanea","status":"publish","type":"post","link":"https:\/\/sedes.org.br\/Departamentos\/Psicanalise_da_crianca\/?p=2046","title":{"rendered":"INTERLOCU\u00c7\u00d5ES Transforma\u00e7\u00f5es na Fam\u00edlia Contempor\u00e2nea"},"content":{"rendered":"<p><a href=\"http:\/\/www.sedes.org.br\/site\/sites\/default\/files\/ficha_inscricao_interlocucoes_outubro2015.doc\"><img class=\"lazyload\" fetchpriority=\"high\" src=\"data:image\/svg+xml,%3Csvg%20xmlns%3D%27http%3A%2F%2Fwww.w3.org%2F2000%2Fsvg%27%20width%3D%27842%27%20height%3D%271224%27%20viewBox%3D%270%200%20842%201224%27%3E%3Crect%20width%3D%27842%27%20height%3D%271224%27%20fill-opacity%3D%220%22%2F%3E%3C%2Fsvg%3E\" data-orig-src=\"http:\/\/sedes.mopen.com.br\/Departamentos\/Psicanalise_da_crianca\/wp-content\/uploads\/2015\/10\/interlocucoes.jpg\" alt=\"\" title=\"interlocucoes\" width=\"842\" height=\"1224\"\/><\/a><\/p>\n","protected":false},"excerpt":{"rendered":"","protected":false},"author":1,"featured_media":0,"comment_status":"closed","ping_status":"closed","sticky":false,"template":"","format":"standard","meta":{"content-type":""},"categories":[70],"tags":[],"_links":{"self":[{"href":"https:\/\/sedes.org.br\/Departamentos\/Psicanalise_da_crianca\/index.php?rest_route=\/wp\/v2\/posts\/2046"}],"collection":[{"href":"https:\/\/sedes.org.br\/Departamentos\/Psicanalise_da_crianca\/index.php?rest_route=\/wp\/v2\/posts"}],"about":[{"href":"https:\/\/sedes.org.br\/Departamentos\/Psicanalise_da_crianca\/index.php?rest_route=\/wp\/v2\/types\/post"}],"author":[{"embeddable":true,"href":"https:\/\/sedes.org.br\/Departamentos\/Psicanalise_da_crianca\/index.php?rest_route=\/wp\/v2\/users\/1"}],"replies":[{"embeddable":true,"href":"https:\/\/sedes.org.br\/Departamentos\/Psicanalise_da_crianca\/index.php?rest_route=%2Fwp%2Fv2%2Fcomments&post=2046"}],"version-history":[{"count":3,"href":"https:\/\/sedes.org.br\/Departamentos\/Psicanalise_da_crianca\/index.php?rest_route=\/wp\/v2\/posts\/2046\/revisions"}],"predecessor-version":[{"id":2591,"href":"https:\/\/sedes.org.br\/Departamentos\/Psicanalise_da_crianca\/index.php?rest_route=\/wp\/v2\/posts\/2046\/revisions\/2591"}],"wp:attachment":[{"href":"https:\/\/sedes.org.br\/Departamentos\/Psicanalise_da_crianca\/index.php?rest_route=%2Fwp%2Fv2%2Fmedia&parent=2046"}],"wp:term":[{"taxonomy":"category","embeddable":true,"href":"https:\/\/sedes.org.br\/Departamentos\/Psicanalise_da_crianca\/index.php?rest_route=%2Fwp%2Fv2%2Fcategories&post=2046"},{"taxonomy":"post_tag","embeddable":true,"href":"https:\/\/sedes.org.br\/Departamentos\/Psicanalise_da_crianca\/index.php?rest_route=%2Fwp%2Fv2%2Ftags&post=2046"}],"curies":[{"name":"wp","href":"https:\/\/api.w.org\/{rel}","templated":true}]}}