{"id":2251,"date":"2016-06-21T13:16:56","date_gmt":"2016-06-21T16:16:56","guid":{"rendered":"http:\/\/www.sedes.org.br\/Departamentos\/Psicanalise_da_crianca\/?p=2251"},"modified":"2017-07-09T21:17:49","modified_gmt":"2017-07-10T00:17:49","slug":"debate-identidade-genero-e-a-busca-de-si-mesmo","status":"publish","type":"post","link":"https:\/\/sedes.org.br\/Departamentos\/Psicanalise_da_crianca\/?p=2251","title":{"rendered":"INTERLOCU\u00c7\u00d5ES: Identidade, G\u00eanero e a Busca de Si Mesmo"},"content":{"rendered":"<p>Acesse <a href=\"http:\/\/sedes.org.br\/site\/eventos\/interlocucoes-espaco-potencial-winnicott\" target=\"_blank\">aqui<\/a> para se inscrever.<br \/>\n<br \/>\n<img class=\"lazyload\" fetchpriority=\"high\" src=\"data:image\/svg+xml,%3Csvg%20xmlns%3D%27http%3A%2F%2Fwww.w3.org%2F2000%2Fsvg%27%20width%3D%27800%27%20height%3D%271301%27%20viewBox%3D%270%200%20800%201301%27%3E%3Crect%20width%3D%27800%27%20height%3D%271301%27%20fill-opacity%3D%220%22%2F%3E%3C%2Fsvg%3E\" data-orig-src=\"http:\/\/www.sedes.org.br\/Departamentos\/Psicanalise_da_crianca\/wp-content\/uploads\/2016\/06\/interlocucoes_junho2016.jpg\" alt=\"\" title=\"interlocucoes_junho2016\" width=\"800\" height=\"1301\" \/><br \/>\n<br \/>\nAcesse <a href=\"http:\/\/sedes.org.br\/site\/eventos\/interlocucoes-espaco-potencial-winnicott\" target=\"_blank\">aqui<\/a> para se inscrever.<\/p>\n","protected":false},"excerpt":{"rendered":"<p>Acesse aqui para se inscrever. Acesse aqui para se inscrever.<\/p>\n","protected":false},"author":1,"featured_media":0,"comment_status":"closed","ping_status":"closed","sticky":false,"template":"","format":"standard","meta":{"content-type":""},"categories":[70],"tags":[],"_links":{"self":[{"href":"https:\/\/sedes.org.br\/Departamentos\/Psicanalise_da_crianca\/index.php?rest_route=\/wp\/v2\/posts\/2251"}],"collection":[{"href":"https:\/\/sedes.org.br\/Departamentos\/Psicanalise_da_crianca\/index.php?rest_route=\/wp\/v2\/posts"}],"about":[{"href":"https:\/\/sedes.org.br\/Departamentos\/Psicanalise_da_crianca\/index.php?rest_route=\/wp\/v2\/types\/post"}],"author":[{"embeddable":true,"href":"https:\/\/sedes.org.br\/Departamentos\/Psicanalise_da_crianca\/index.php?rest_route=\/wp\/v2\/users\/1"}],"replies":[{"embeddable":true,"href":"https:\/\/sedes.org.br\/Departamentos\/Psicanalise_da_crianca\/index.php?rest_route=%2Fwp%2Fv2%2Fcomments&post=2251"}],"version-history":[{"count":8,"href":"https:\/\/sedes.org.br\/Departamentos\/Psicanalise_da_crianca\/index.php?rest_route=\/wp\/v2\/posts\/2251\/revisions"}],"predecessor-version":[{"id":2589,"href":"https:\/\/sedes.org.br\/Departamentos\/Psicanalise_da_crianca\/index.php?rest_route=\/wp\/v2\/posts\/2251\/revisions\/2589"}],"wp:attachment":[{"href":"https:\/\/sedes.org.br\/Departamentos\/Psicanalise_da_crianca\/index.php?rest_route=%2Fwp%2Fv2%2Fmedia&parent=2251"}],"wp:term":[{"taxonomy":"category","embeddable":true,"href":"https:\/\/sedes.org.br\/Departamentos\/Psicanalise_da_crianca\/index.php?rest_route=%2Fwp%2Fv2%2Fcategories&post=2251"},{"taxonomy":"post_tag","embeddable":true,"href":"https:\/\/sedes.org.br\/Departamentos\/Psicanalise_da_crianca\/index.php?rest_route=%2Fwp%2Fv2%2Ftags&post=2251"}],"curies":[{"name":"wp","href":"https:\/\/api.w.org\/{rel}","templated":true}]}}