{"id":2323,"date":"2016-12-09T19:12:42","date_gmt":"2016-12-09T22:12:42","guid":{"rendered":"http:\/\/www.sedes.org.br\/Departamentos\/Psicanalise_da_crianca\/?p=2323"},"modified":"2016-12-09T19:13:39","modified_gmt":"2016-12-09T22:13:39","slug":"informativo-9carta-aberta-liberdade-de-escolha","status":"publish","type":"post","link":"https:\/\/sedes.org.br\/Departamentos\/Psicanalise_da_crianca\/?p=2323","title":{"rendered":"<b>informativo #9:<\/b><br\/>Carta aberta: Liberdade de escolha"},"content":{"rendered":"<p>Hoje aconteceu na Fran\u00e7a a vota\u00e7\u00e3o que visava interditar a psican\u00e1lise no tratamento do autismo. V\u00e1rios movimentos se uniram em defesa da liberdade de escolha. O MPASP se uniu a eles e enviamos uma carta.<\/p>\n<p>Finalmente, fruto de muita movimenta\u00e7\u00e3o, os deputados acabaram votando contra esta absurda proposi\u00e7\u00e3o e garantindo o direito de escolha individual. Para comemorar esta vit\u00f3ria, postamos a carta que enviamos!<\/p>\n<p><strong>Caros colegas,<\/strong><\/p>\n<p>N\u00f3s do Movimento Psican\u00e1lise Autismo e Sa\u00fade P\u00fablica (MPASP), de forma solid\u00e1ria, queremos nos unir a voc\u00eas nesta luta contra a arbitrariedade que vem se acercando da cl\u00ednica psicanal\u00edtica, mormente, no atendimento \u00e0s pessoas com autismos.<\/p>\n<p>O MPASP \u00e9 um movimento que re\u00fane psicanalistas e terapeutas brasileiros, reunidos desde 2012, em posi\u00e7\u00e3o de luta e resist\u00eancia frente \u00e0 posi\u00e7\u00e3o pol\u00edtica de exclus\u00e3o da Psican\u00e1lise do rol de op\u00e7\u00f5es de tratamento para pacientes com autismos.<\/p>\n<p>Entendemos que tal arb\u00edtrio fere, em primeir\u00edssima inst\u00e2ncia, o direito de escolha dos pacientes e familiares que, como sujeitos, precisam ter este direito legitimado, pelo menos pelos profissionais de Sa\u00fade Mental \u2013 esta \u00e9 uma quest\u00e3o de princ\u00edpios para n\u00f3s. E, se este posicionamento autorit\u00e1rio n\u00e3o visa eticamente o sujeito, a servi\u00e7o do que viger\u00e1?<\/p>\n<p>Nosso Movimento movimenta-se em torno das quest\u00f5es da constitui\u00e7\u00e3o do sujeito e de sua inerente singularidade, da detec\u00e7\u00e3o precoce de sofrimento ps\u00edquico e das possibilidades de interven\u00e7\u00e3o a tempo, bem como da cl\u00ednica psicanal\u00edtica e interdisciplinar com os autismos. Estamos em interlocu\u00e7\u00e3o com profissionais diversos da sa\u00fade, da educa\u00e7\u00e3o, da \u00e1rea social e pol\u00edtica, bem como nos mantemos abertos \u00e0s contribui\u00e7\u00f5es de outras \u00e1reas de saber, tais como as Neuroci\u00eancias, a Psiquiatria, a Lingu\u00edstica, a Gen\u00e9tica e Epigen\u00e9tica, por apostarmos na import\u00e2ncia da pluralidade discursiva e da equivocidade das vozes do discurso da ci\u00eancia.<\/p>\n<p>Desde de seu in\u00edcio, a obra psicanal\u00edtica vem-se estabelecendo pela fundamenta\u00e7\u00e3o l\u00f3gico-te\u00f3rica da montagem do aparelho ps\u00edquico. Freud, hiper-atualizado, pensou-o tamb\u00e9m como aparelho de mem\u00f3ria e aparelho de linguagem. Seguindo sua trilha, com Lacan e outros, a psican\u00e1lise continua sendo inventada, e sustentada pela \u201cpr\u00e1xis de sua teoria\u201d, desta, nomeada por Lacan, da verdadeira \u201c\u00e9tica da psican\u00e1lise\u201d, \u00e9 o que a cl\u00ednica psicanal\u00edtica d\u00e1 testemunho. Este \u00e9 outro dos princ\u00edpios que o MPASP reitera.<\/p>\n<p>\u00c9 sabido que, esta complexa montagem da aparelhagem mental n\u00e3o ocorre por si, nem por instintos, nem por determina\u00e7\u00f5es gen\u00e9ticas. Ela \u00e9 pluri-causal e ocorre na presen\u00e7a do Campo do Outro, \u201cesta parte do vivo \u00e0 espera do sujeito\u201d (Lacan), desde a mais tenra idade. Tamb\u00e9m, sabe-se que agravos \u00e0 esta constitui\u00e7\u00e3o, quanto mais precoces ser\u00e3o de maior gravidade e de mais severas consequ\u00eancias, podendo exercer efeitos em toda arquitetura do humano, inclusive em seu aparato neuronal, dependente que \u00e9, o filhote do homem de experi\u00eancias humanizantes. O autismo, considerado por diversos estudiosos como um dist\u00farbio da conectividade cerebral, certamente aponta para que se investigue toda qualidade e quantidade de interliga\u00e7\u00f5es daquele indiv\u00edduo singular e para que se intervenha o mais cedo poss\u00edvel, t\u00e3o logo sinais precoces de risco ao desenvolvimento sejam detectados. Este \u00e9 o terceiro aporte de a\u00e7\u00f5es cl\u00ednicas, pol\u00edticas e de transmiss\u00e3o que o MPASP defende.<\/p>\n<p>A tarefa sempre foi \u00e1rdua, apesar de instigante, na quest\u00e3o Psican\u00e1lise e Autismos, desde os idos do in\u00edcio do s\u00e9culo XIX. O que podemos pensar das tentativas atuais de excluir a Psican\u00e1lise do campo das interven\u00e7\u00f5es terap\u00eauticas de Sa\u00fade Mental, para pessoas com quadro de autismo, por decreto?<\/p>\n<p>O MPASP recusa-se a compactuar com quaisquer a\u00e7\u00f5es de cerceamento da Psican\u00e1lise, como m\u00e9todo te\u00f3rico-cl\u00ednico para qualquer forma humana de presentifica\u00e7\u00e3o. Assim, queremos nos disponibilizar \u00e0 uni\u00e3o de esfor\u00e7os e recursos com qualquer outra associa\u00e7\u00e3o, de qualquer lugar, que queira referendar este Movimento, entendendo que esta luta precisa estar num \u00e2mbito muito al\u00e9m de fronteiras imagin\u00e1rias.<\/p>\n<p>Fica aqui a convoca\u00e7\u00e3o, a um por um, que queira manter uma interlocu\u00e7\u00e3o conosco, a respeito desta causa, que \u00e9 muito nossa.<\/p>\n<p>Por fim, lembremos do que nos deixa Le Corbusier:<\/p>\n<p>           \u201c A primeira prova de exist\u00eancia \u00e9 ocupar o espa\u00e7o.\u201d<\/p>\n<p>*Publicado em 8 de dezembro de 2016.<\/p>\n<p>**Vers\u00e3o em franc\u00eas: <a href=\"https:\/\/cause-autisme.fr\/2016\/12\/07\/lettre-du-mouvement-psychanalyse-autisme-et-sante-publique-bresil\/\" target=\"_blank\">https:\/\/cause-autisme.fr\/2016\/12\/07\/lettre-du-mouvement-psychanalyse-autisme-et-sante-publique-bresil\/<\/a><\/p>\n","protected":false},"excerpt":{"rendered":"<p>Hoje aconteceu na Fran\u00e7a a vota\u00e7\u00e3o que visava interditar a<\/p>\n","protected":false},"author":1,"featured_media":0,"comment_status":"closed","ping_status":"closed","sticky":false,"template":"","format":"standard","meta":{"content-type":""},"categories":[68],"tags":[],"_links":{"self":[{"href":"https:\/\/sedes.org.br\/Departamentos\/Psicanalise_da_crianca\/index.php?rest_route=\/wp\/v2\/posts\/2323"}],"collection":[{"href":"https:\/\/sedes.org.br\/Departamentos\/Psicanalise_da_crianca\/index.php?rest_route=\/wp\/v2\/posts"}],"about":[{"href":"https:\/\/sedes.org.br\/Departamentos\/Psicanalise_da_crianca\/index.php?rest_route=\/wp\/v2\/types\/post"}],"author":[{"embeddable":true,"href":"https:\/\/sedes.org.br\/Departamentos\/Psicanalise_da_crianca\/index.php?rest_route=\/wp\/v2\/users\/1"}],"replies":[{"embeddable":true,"href":"https:\/\/sedes.org.br\/Departamentos\/Psicanalise_da_crianca\/index.php?rest_route=%2Fwp%2Fv2%2Fcomments&post=2323"}],"version-history":[{"count":3,"href":"https:\/\/sedes.org.br\/Departamentos\/Psicanalise_da_crianca\/index.php?rest_route=\/wp\/v2\/posts\/2323\/revisions"}],"predecessor-version":[{"id":2325,"href":"https:\/\/sedes.org.br\/Departamentos\/Psicanalise_da_crianca\/index.php?rest_route=\/wp\/v2\/posts\/2323\/revisions\/2325"}],"wp:attachment":[{"href":"https:\/\/sedes.org.br\/Departamentos\/Psicanalise_da_crianca\/index.php?rest_route=%2Fwp%2Fv2%2Fmedia&parent=2323"}],"wp:term":[{"taxonomy":"category","embeddable":true,"href":"https:\/\/sedes.org.br\/Departamentos\/Psicanalise_da_crianca\/index.php?rest_route=%2Fwp%2Fv2%2Fcategories&post=2323"},{"taxonomy":"post_tag","embeddable":true,"href":"https:\/\/sedes.org.br\/Departamentos\/Psicanalise_da_crianca\/index.php?rest_route=%2Fwp%2Fv2%2Ftags&post=2323"}],"curies":[{"name":"wp","href":"https:\/\/api.w.org\/{rel}","templated":true}]}}