{"id":2579,"date":"2017-07-09T21:08:27","date_gmt":"2017-07-10T00:08:27","guid":{"rendered":"http:\/\/www.sedes.org.br\/Departamentos\/Psicanalise_da_crianca\/?p=2579"},"modified":"2018-12-12T12:37:51","modified_gmt":"2018-12-12T15:37:51","slug":"clinica-psicanalitica-com-criancas-a-configuracao-de-um-campo-4","status":"publish","type":"post","link":"https:\/\/sedes.org.br\/Departamentos\/Psicanalise_da_crianca\/?p=2579","title":{"rendered":"Cl\u00ednica Psicanal\u00edtica com Crian\u00e7as: A Configura\u00e7\u00e3o de um Campo"},"content":{"rendered":"<p><img class=\"lazyload\" fetchpriority=\"high\" src=\"data:image\/svg+xml,%3Csvg%20xmlns%3D%27http%3A%2F%2Fwww.w3.org%2F2000%2Fsvg%27%20width%3D%27843%27%20height%3D%271079%27%20viewBox%3D%270%200%20843%201079%27%3E%3Crect%20width%3D%27843%27%20height%3D%271079%27%20fill-opacity%3D%220%22%2F%3E%3C%2Fsvg%3E\" data-orig-src=\"http:\/\/www.sedes.org.br\/Departamentos\/Psicanalise_da_crianca\/wp-content\/uploads\/2017\/07\/configuracao.jpg\" alt=\"\" title=\"configuracao\" width=\"843\" height=\"1079\" ><\/p>\n<p>+ Mais informa\u00e7\u00f5es <strong><a href=\"http:\/\/sedes.org.br\/site\/cursos-sedes\/clinica-psicanalitica-com-criancas-a-configuracao-de-um-campo\/\" target=\"_blank\">aqui<\/a><\/strong>.<\/p>\n","protected":false},"excerpt":{"rendered":"<p>+ Mais informa\u00e7\u00f5es aqui.<\/p>\n","protected":false},"author":1,"featured_media":0,"comment_status":"closed","ping_status":"closed","sticky":false,"template":"","format":"standard","meta":{"content-type":""},"categories":[70],"tags":[],"_links":{"self":[{"href":"https:\/\/sedes.org.br\/Departamentos\/Psicanalise_da_crianca\/index.php?rest_route=\/wp\/v2\/posts\/2579"}],"collection":[{"href":"https:\/\/sedes.org.br\/Departamentos\/Psicanalise_da_crianca\/index.php?rest_route=\/wp\/v2\/posts"}],"about":[{"href":"https:\/\/sedes.org.br\/Departamentos\/Psicanalise_da_crianca\/index.php?rest_route=\/wp\/v2\/types\/post"}],"author":[{"embeddable":true,"href":"https:\/\/sedes.org.br\/Departamentos\/Psicanalise_da_crianca\/index.php?rest_route=\/wp\/v2\/users\/1"}],"replies":[{"embeddable":true,"href":"https:\/\/sedes.org.br\/Departamentos\/Psicanalise_da_crianca\/index.php?rest_route=%2Fwp%2Fv2%2Fcomments&post=2579"}],"version-history":[{"count":3,"href":"https:\/\/sedes.org.br\/Departamentos\/Psicanalise_da_crianca\/index.php?rest_route=\/wp\/v2\/posts\/2579\/revisions"}],"predecessor-version":[{"id":2917,"href":"https:\/\/sedes.org.br\/Departamentos\/Psicanalise_da_crianca\/index.php?rest_route=\/wp\/v2\/posts\/2579\/revisions\/2917"}],"wp:attachment":[{"href":"https:\/\/sedes.org.br\/Departamentos\/Psicanalise_da_crianca\/index.php?rest_route=%2Fwp%2Fv2%2Fmedia&parent=2579"}],"wp:term":[{"taxonomy":"category","embeddable":true,"href":"https:\/\/sedes.org.br\/Departamentos\/Psicanalise_da_crianca\/index.php?rest_route=%2Fwp%2Fv2%2Fcategories&post=2579"},{"taxonomy":"post_tag","embeddable":true,"href":"https:\/\/sedes.org.br\/Departamentos\/Psicanalise_da_crianca\/index.php?rest_route=%2Fwp%2Fv2%2Ftags&post=2579"}],"curies":[{"name":"wp","href":"https:\/\/api.w.org\/{rel}","templated":true}]}}