{"id":2636,"date":"2017-08-29T20:43:05","date_gmt":"2017-08-29T23:43:05","guid":{"rendered":"http:\/\/www.sedes.org.br\/Departamentos\/Psicanalise_da_crianca\/?p=2636"},"modified":"2023-03-02T09:18:47","modified_gmt":"2023-03-02T12:18:47","slug":"regimento-interno-departamento-psicanalise-com-criancas","status":"publish","type":"post","link":"https:\/\/sedes.org.br\/Departamentos\/Psicanalise_da_crianca\/?p=2636","title":{"rendered":"regimento interno: departamento psican\u00e1lise com crian\u00e7as"},"content":{"rendered":"<p style=\"text-align: center;\" dir=\"ltr\"><strong>INSTITUTO SEDES SAPIENTIAE<\/strong><\/p>\n<p style=\"text-align: center;\" dir=\"ltr\"><strong>DEPARTAMENTO PSICAN\u00c1LISE COM CRIAN\u00c7AS<\/strong><\/p>\n<p style=\"text-align: center;\" dir=\"ltr\"><strong>REGIMENTO INTERNO<br \/>\n(REVISADO EM OUTUBRO 2014)<\/strong><\/p>\n<p dir=\"ltr\"><strong>I &#8211; OBJETIVOS<\/strong><\/p>\n<p dir=\"ltr\">O Departamento, pautando-se pela Carta de Princ\u00edpios do Instituto Sedes Sapientiae e por uma concep\u00e7\u00e3o pluralista da Psican\u00e1lise, prop\u00f5e-se a:<\/p>\n<p dir=\"ltr\">&#8211; ser um espa\u00e7o de forma\u00e7\u00e3o e interlocu\u00e7\u00e3o entre seus membros;<\/p>\n<p dir=\"ltr\">&#8211; manter um debate sobre a especificidade do trabalho com crian\u00e7as dentro da Psican\u00e1lise;<\/p>\n<p dir=\"ltr\">&#8211; constituir um espa\u00e7o de interc\u00e2mbio com institui\u00e7\u00f5es e profissionais afins, atrav\u00e9s da promo\u00e7\u00e3o e desenvolvimento de projetos cl\u00ednicos, cursos, eventos, pesquisas e publica\u00e7\u00f5es cient\u00edficas.<\/p>\n<p>&nbsp;<\/p>\n<p dir=\"ltr\"><strong>lI &#8211; ESTRUTURA<\/strong><\/p>\n<p dir=\"ltr\">lI- a- ORGANIZA\u00c7\u00c3O<\/p>\n<p dir=\"ltr\">lI- a-1 &#8211; CONSTITUI\u00c7\u00c3O<\/p>\n<p dir=\"ltr\">O Departamento est\u00e1 constitu\u00eddo por Setores espec\u00edficos e por uma Coordena\u00e7\u00e3o Geral.<\/p>\n<p dir=\"ltr\">Os Setores possuem normas e funcionamento pr\u00f3prios, que devem ser referendados e aprovados pela Coordena\u00e7\u00e3o Geral.<\/p>\n<p dir=\"ltr\">COORDENA\u00c7\u00c3O GERAL (CG)<\/p>\n<p dir=\"ltr\">A Coordena\u00e7\u00e3o Geral \u00e9 composta de Coordenador Geral (podendo em momentos haver uma co-coordena\u00e7\u00e3o), Coordenadores de Setor, Secret\u00e1rio e Tesoureiro.<\/p>\n<p dir=\"ltr\">SETORES<\/p>\n<p dir=\"ltr\">-SETOR CURSO &#8211; desenvolve o trabalho de forma\u00e7\u00e3o;<\/p>\n<p dir=\"ltr\">-SETOR EVENTOS &#8211; promove atividades cient\u00edfico &#8211; culturais, tais como jornadas, semin\u00e1rios, etc.;<\/p>\n<p dir=\"ltr\">-SETOR EXTENS\u00c3O &#8211; promove cursos de extens\u00e3o associados ao Setor Curso ou ao Setor Eventos;<\/p>\n<p dir=\"ltr\">-SETOR CL\u00cdNICA E PESQUISA \u2013 desenvolve trabalho cl\u00ednico e pesquisa<\/p>\n<p dir=\"ltr\">-SETOR PUBLICA\u00c7\u00d5ES \u2013 cuida das publica\u00e7\u00f5es do Departamento. Como este Setor ainda n\u00e3o est\u00e1 estruturado fica mantido o procedimento atual para os projetos de publica\u00e7\u00e3o, ou seja, os projetos surgem e sao desenvolvidos nos setores e devem ser aprovados pela CG.<\/p>\n<p dir=\"ltr\">-SETOR COMUNICA\u00c7\u00c3O\u2013 Cuida de toda comunica\u00e7\u00e3o interna e externa do Departamento. Assim, \u00e9 respons\u00e1vel pelas comunica\u00e7\u00f5es entre a coordena\u00e7\u00e3o do Departamento e seus membros e alunos. Edita o site, produz o boletim e cuida da comunica\u00e7\u00e3o nas m\u00eddias sociais.<\/p>\n<p dir=\"ltr\">Propostas de cria\u00e7\u00e3o de novos setores devem ser encaminhadas para avalia\u00e7\u00e3o e aprova\u00e7\u00e3o tempor\u00e1ria pela CG at\u00e9 a referenda da assembleia.<\/p>\n<p>&nbsp;<\/p>\n<p dir=\"ltr\">II- a-2 \u2013 ORGANOGRAMA<\/p>\n<p dir=\"ltr\"><img class=\"lazyload\" src=\"data:image\/gif;base64,R0lGODlhAQABAAAAACH5BAEKAAEALAAAAAABAAEAAAICTAEAOw==\" data-orig-src=\"http:\/\/sedes.mopen.com.br\/Departamentos\/Psicanalise_da_crianca\/wp-content\/uploads\/2012\/11\/novo_organograma.jpg\" alt=\"\" \/><\/p>\n<p dir=\"ltr\">II- b- MEMBROS<\/p>\n<p dir=\"ltr\">II \u2013 b \u20131- MEMBROS ASSOCIADOS<\/p>\n<ul>\n<li dir=\"ltr\">\n<p dir=\"ltr\">alunos do curso de Especializa\u00e7\u00e3o que queiram participar do Departamento podem pleitear inicialmente sua pertin\u00eancia como membros associados junto \u00e0 CG estando isentos do pagamento da anuidade enquanto estiverem cursando o curso de Especializa\u00e7\u00e3o.<\/p>\n<\/li>\n<\/ul>\n<ul>\n<li dir=\"ltr\">\n<p dir=\"ltr\">Professores dos cursos do Departamento devem se filiar ao Departamento, inicialmente como membros associados.<\/p>\n<\/li>\n<\/ul>\n<p dir=\"ltr\">&#8211; psicanalistas que trabalham com crian\u00e7as podem se tornar membros associados do Departamento Psican\u00e1lise com Crian\u00e7as. Para tal devem ser indicados ao Departamento por 2 (dois) membros efetivos do mesmo, atrav\u00e9s de uma carta, e apresentar Curriculum Vitae e um pedido de interesse de inser\u00e7\u00e3o. Os pedidos de pertin\u00eancia ser\u00e3o avaliados por uma comiss\u00e3o de membros efetivos, sendo 50 por cento deles professores do curso de Especializa\u00e7\u00e3o. Todos dever\u00e3o ser nomeados pela Coordena\u00e7\u00e3o Geral para este fim. Tendo como pano de fundo um consistente percurso na obra de Freud associado a uma concep\u00e7\u00e3o pluralista da Psican\u00e1lise, a comiss\u00e3o de admiss\u00e3o dever\u00e1 avaliar os pedidos tendo em vista o enriquecimento do Departamento.<\/p>\n<p>&nbsp;<\/p>\n<p dir=\"ltr\">II &#8211; b \u2013 2 &#8211; MEMBROS EFETIVOS<\/p>\n<p dir=\"ltr\">&#8211; professores do Curso de Especializa\u00e7\u00e3o s\u00e3o considerados automaticamente membros efetivos do Departamento de Psican\u00e1lise da Crian\u00e7a. Os que ainda n\u00e3o forem membros, como os professores auxiliares ou substitutos, devem pedir pertin\u00eancia como membros associados.<\/p>\n<p dir=\"ltr\">&#8211; ex-alunos formados e ex-professores do Curso de Especializa\u00e7\u00e3o podem pleitear sua pertin\u00eancia como membros efetivos encaminhando sua solicita\u00e7\u00e3o \u00e0 Coordena\u00e7\u00e3o Geral ap\u00f3s dois anos comprovados de trabalho no Departamento.<\/p>\n<p>&nbsp;<\/p>\n<p dir=\"ltr\">II \u2013 b \u2013 3 \u2013 PASSAGEM DE MEMBRO ASSOCIADO A MEMBRO EFETIVO<\/p>\n<p dir=\"ltr\">&#8211; tanto os alunos j\u00e1 membros associados, ap\u00f3s sua conclus\u00e3o do curso de Especializa\u00e7\u00e3o, como os membros associados que tenham se inserido no Departamento vindo de fora do Curso podem passar a membros efetivos. Em ambos os casos isto s\u00f3 ocorrer\u00e1 ap\u00f3s requerimento feito \u00e0 CG e um per\u00edodo de 2 anos de atividades desenvolvidas junto a algum setor do Departamento atestado por este.<\/p>\n<p>&nbsp;<\/p>\n<p dir=\"ltr\">II &#8211; b &#8211; 4 &#8211; DIREITOS E DEVERES<\/p>\n<p dir=\"ltr\">&#8211; somente os membros efetivos podem se candidatar a cargos de coordena\u00e7\u00e3o e ter direito a voto.<\/p>\n<p dir=\"ltr\">&#8211; todos os membros do Departamento Psican\u00e1lise com Crian\u00e7as (membros efetivos e membros associados) devem contribuir com a anuidade estipulada pelo Departamento exceto os membros associados enquanto alunos.<\/p>\n<p dir=\"ltr\">&#8211; os membros que estiverem em inadimpl\u00eancia com a anuidade do Departamento devem quitar sua d\u00edvida. Ap\u00f3s tr\u00eas meses de atraso ser\u00e1 cobrada multa de 10% sobre o valor da anuidade.<\/p>\n<p dir=\"ltr\">&#8211; o n\u00e3o pagamento de dois anos de anuidade implica na sa\u00edda do membro do Departamento. Para retornar ele dever\u00e1 fazer novo pedido de pertin\u00eancia \u00e0 CG e voltar a pagar a anuidade.<\/p>\n<p dir=\"ltr\">&#8211; o membro efetivo n\u00e3o perde sua condi\u00e7\u00e3o de efetivo ao se ausentar temporariamente dos trabalhos junto ao Departamento.<\/p>\n<p dir=\"ltr\"><strong>Ill- FUNCIONAMENTO<\/strong><\/p>\n<p dir=\"ltr\">Ill- a- GEST\u00c3O<\/p>\n<p dir=\"ltr\">III- a-1 &#8211; MANDATO<\/p>\n<p dir=\"ltr\">&#8211; a Coordena\u00e7\u00e3o Geral ter\u00e1 um mandato com dura\u00e7\u00e3o de 2 (dois) anos, ao<\/p>\n<p dir=\"ltr\">\u00a0final do qual ser\u00e3o convocadas elei\u00e7\u00f5es.<\/p>\n<p dir=\"ltr\">&#8211; todos os membros efetivos ter\u00e3o direito a voto nas elei\u00e7\u00f5es do Departamento.<\/p>\n<p dir=\"ltr\">lll-a -2- CRIT\u00c9RIOS \u00a0DE ELEGIBILIDADE PARA COORDENADOR DE SETOR<\/p>\n<p dir=\"ltr\">&#8211; ser membro efetivo do Departamento;<\/p>\n<p dir=\"ltr\">&#8211; ter um percurso m\u00ednimo de 2 (dois) anos de trabalho no Departamento, em atividades extra-acad\u00eamicas;<\/p>\n<p dir=\"ltr\">&#8211; ter aprova\u00e7\u00e3o \u00a0de sua indica\u00e7\u00e3o pelos membros do setor, referendada posteriormente pela CG e Assembleia Geral.<\/p>\n<p>&nbsp;<\/p>\n<p dir=\"ltr\">III \u2013 a \u2013 2 \u2013 1<\/p>\n<p dir=\"ltr\">&#8211; para o cargo de Coordenador do Setor Curso o candidato dever\u00e1 ser professor do mesmo.<\/p>\n<p dir=\"ltr\">III \u2013 a \u2013 2 &#8211; 2<\/p>\n<p dir=\"ltr\">&#8211; para o cargo de Coordenador Geral do Departamento, al\u00e9m dos requisitos acima, o(s) candidato(s) dever\u00e3o ter percurso m\u00ednimo de 04 anos de trabalho no Departamento e dever\u00e1 (\u00e3o) ser (em) eleito(s) em assembleia.<\/p>\n<p>&nbsp;<\/p>\n<p dir=\"ltr\">Ill- b- FUN\u00c7\u00d5ES E ATRIBUI\u00c7\u00d5ES<\/p>\n<p dir=\"ltr\">Ill- b-1 COORDENA\u00c7\u00c3O GERAL composta pelo Coordenador Geral (podendo haver um coordenador adjunto), Coordenadores de Setor, Secret\u00e1rio e Tesoureiro.<\/p>\n<p dir=\"ltr\">&#8211; garantir e promover o funcionamento dos Setores e a articula\u00e7\u00e3o entre eles, em conformidade com os princ\u00edpios do Departamento;<\/p>\n<p dir=\"ltr\">&#8211; representar o Departamento junto \u00e0 Diretoria do Instituto e demais inst\u00e2ncias do mesmo;<\/p>\n<p dir=\"ltr\">&#8211; promover a integra\u00e7\u00e3o do Departamento junto aos demais Departamentos do Instituto;<\/p>\n<p dir=\"ltr\">&#8211; coordenar as atividades de secretaria e tesouraria do Departamento, bem como gerir os recursos financeiros do mesmo;<\/p>\n<p dir=\"ltr\">&#8211; estabelecer as taxas de contribui\u00e7\u00e3o;<\/p>\n<p dir=\"ltr\">&#8211; avaliar e aprovar: regimento interno dos setores, cursos, eventos, publica\u00e7\u00f5es, projetos, pedidos de pertin\u00eancia e or\u00e7amento dos setores;<\/p>\n<p dir=\"ltr\">&#8211; convocar elei\u00e7\u00f5es;<\/p>\n<p dir=\"ltr\">&#8211; prestar contas ao Instituto;<\/p>\n<p dir=\"ltr\">&#8211; receber e avaliar pedidos de pertin\u00eancia para a categoria de membros efetivos e associados;<\/p>\n<p dir=\"ltr\">&#8211; acolher projetos e referendar comiss\u00f5es espec\u00edficas para se fazer representar em espa\u00e7os externos de discuss\u00e3o e articula\u00e7\u00e3o psicanal\u00edticas<\/p>\n<p>&nbsp;<\/p>\n<p dir=\"ltr\">III- b- 2- Al\u00e9m das atribui\u00e7\u00f5es acima, compete em particular:<\/p>\n<p dir=\"ltr\">COORDENADOR GERAL<\/p>\n<p dir=\"ltr\">&#8211; coordenar a reuni\u00e3o da Coordena\u00e7\u00e3o Geral;<\/p>\n<p dir=\"ltr\">&#8211; representar o Departamento nas diversas inst\u00e2ncias do Instituto. Na sua impossibilidade, a CG indica um membro do Departamento para tal representa\u00e7\u00e3o.<\/p>\n<p dir=\"ltr\">&#8211; convocar uma Assembleia ordin\u00e1ria a cada dois anos, e extraordin\u00e1ria quando necess\u00e1rio.<\/p>\n<p>&nbsp;<\/p>\n<p dir=\"ltr\">COORDENADOR DE SETOR<\/p>\n<p dir=\"ltr\">&#8211; coordenar o Setor;<\/p>\n<p dir=\"ltr\">&#8211; representar o Setor na Coordena\u00e7\u00e3o Geral;<\/p>\n<p dir=\"ltr\">&#8211; apresentar \u00e0 Coordena\u00e7\u00e3o Geral o regimento interno do Setor, bem como as<\/p>\n<p dir=\"ltr\">\u00a0\u00a0reformula\u00e7\u00f5es que se fizerem necess\u00e1rias.<\/p>\n<p>&nbsp;<\/p>\n<p dir=\"ltr\">SECRET\u00c1RIO<\/p>\n<p dir=\"ltr\">&#8211; manter livro de atas das reuni\u00f5es da Coordena\u00e7\u00e3o Geral;<\/p>\n<p dir=\"ltr\">&#8211; organizar os arquivos do Departamento;<\/p>\n<p dir=\"ltr\">&#8211; dar suporte administrativo aos Setores.<\/p>\n<p>&nbsp;<\/p>\n<p dir=\"ltr\">TESOUREIRO<\/p>\n<p dir=\"ltr\">&#8211; administrar os recursos do Departamento conforme pol\u00edtica da Coordena\u00e7\u00e3o Geral no que se refere a:<\/p>\n<p dir=\"ltr\">&#8211; prioridades de gastos;<\/p>\n<p dir=\"ltr\">&#8211; patroc\u00ednios e parcerias;<\/p>\n<p dir=\"ltr\">&#8211; manter um livro caixa;<\/p>\n<p dir=\"ltr\">&#8211; prestar contas \u00e0 Coordena\u00e7\u00e3o Geral.<\/p>\n<p>&nbsp;<\/p>\n<p dir=\"ltr\">&#8211; para todos os cargos de coordena\u00e7\u00e3o h\u00e1 a possibilidade de uma coordena\u00e7\u00e3o adjunta. O mesmo \u00e9 valido para a secretaria e a tesouraria.<\/p>\n<p>&nbsp;<\/p>\n<p dir=\"ltr\"><strong>PAR\u00c1GRAFO \u00daNICO &#8211;<\/strong><\/p>\n<p dir=\"ltr\">Os membros do Departamento, para efeito de inser\u00e7\u00e3o como membros do Instituto Sedes Sapientiae, dever\u00e3o seguir as normas espec\u00edficas do mesmo.<\/p>\n","protected":false},"excerpt":{"rendered":"<p>INSTITUTO SEDES SAPIENTIAE DEPARTAMENTO PSICAN\u00c1LISE COM CRIAN\u00c7AS REGIMENTO INTERNO (REVISADO<\/p>\n","protected":false},"author":1,"featured_media":0,"comment_status":"closed","ping_status":"closed","sticky":false,"template":"","format":"standard","meta":{"content-type":""},"categories":[31],"tags":[],"_links":{"self":[{"href":"https:\/\/sedes.org.br\/Departamentos\/Psicanalise_da_crianca\/index.php?rest_route=\/wp\/v2\/posts\/2636"}],"collection":[{"href":"https:\/\/sedes.org.br\/Departamentos\/Psicanalise_da_crianca\/index.php?rest_route=\/wp\/v2\/posts"}],"about":[{"href":"https:\/\/sedes.org.br\/Departamentos\/Psicanalise_da_crianca\/index.php?rest_route=\/wp\/v2\/types\/post"}],"author":[{"embeddable":true,"href":"https:\/\/sedes.org.br\/Departamentos\/Psicanalise_da_crianca\/index.php?rest_route=\/wp\/v2\/users\/1"}],"replies":[{"embeddable":true,"href":"https:\/\/sedes.org.br\/Departamentos\/Psicanalise_da_crianca\/index.php?rest_route=%2Fwp%2Fv2%2Fcomments&post=2636"}],"version-history":[{"count":12,"href":"https:\/\/sedes.org.br\/Departamentos\/Psicanalise_da_crianca\/index.php?rest_route=\/wp\/v2\/posts\/2636\/revisions"}],"predecessor-version":[{"id":3426,"href":"https:\/\/sedes.org.br\/Departamentos\/Psicanalise_da_crianca\/index.php?rest_route=\/wp\/v2\/posts\/2636\/revisions\/3426"}],"wp:attachment":[{"href":"https:\/\/sedes.org.br\/Departamentos\/Psicanalise_da_crianca\/index.php?rest_route=%2Fwp%2Fv2%2Fmedia&parent=2636"}],"wp:term":[{"taxonomy":"category","embeddable":true,"href":"https:\/\/sedes.org.br\/Departamentos\/Psicanalise_da_crianca\/index.php?rest_route=%2Fwp%2Fv2%2Fcategories&post=2636"},{"taxonomy":"post_tag","embeddable":true,"href":"https:\/\/sedes.org.br\/Departamentos\/Psicanalise_da_crianca\/index.php?rest_route=%2Fwp%2Fv2%2Ftags&post=2636"}],"curies":[{"name":"wp","href":"https:\/\/api.w.org\/{rel}","templated":true}]}}