{"id":2671,"date":"2017-10-21T10:09:11","date_gmt":"2017-10-21T13:09:11","guid":{"rendered":"http:\/\/www.sedes.org.br\/Departamentos\/Psicanalise_da_crianca\/?p=2671"},"modified":"2018-02-07T10:12:08","modified_gmt":"2018-02-07T13:12:08","slug":"interlocucoes-a-era-digital-e-seu-impacto-na-subjetivacao","status":"publish","type":"post","link":"https:\/\/sedes.org.br\/Departamentos\/Psicanalise_da_crianca\/?p=2671","title":{"rendered":"INTERLOCU\u00c7\u00d5ES: A Era Digital e Seu Impacto na Subjetiva\u00e7\u00e3o"},"content":{"rendered":"<p>Maiores informa\u00e7\u00f5es <strong><a href=\"http:\/\/sedes.org.br\/site\/eventos\/interlocucoes-espaco-potencial-winnicott-a-era-digital-e-seu-impacto-na-subjetivacao\/\" target=\"_blank\">aqui<\/a><\/strong>.<\/p>\n<p><a href=\"http:\/\/sedes.org.br\/site\/eventos\/interlocucoes-espaco-potencial-winnicott-a-era-digital-e-seu-impacto-na-subjetivacao\/\" target=\"_blank\"><img class=\"lazyload\" fetchpriority=\"high\" src=\"data:image\/svg+xml,%3Csvg%20xmlns%3D%27http%3A%2F%2Fwww.w3.org%2F2000%2Fsvg%27%20width%3D%271222%27%20height%3D%271731%27%20viewBox%3D%270%200%201222%201731%27%3E%3Crect%20width%3D%271222%27%20height%3D%271731%27%20fill-opacity%3D%220%22%2F%3E%3C%2Fsvg%3E\" data-orig-src=\"http:\/\/www.sedes.org.br\/Departamentos\/Psicanalise_da_crianca\/wp-content\/uploads\/2017\/10\/eradigital.jpg\" alt=\"\" title=\"eradigital\" width=\"1222\" height=\"1731\"\/><\/a><\/p>\n","protected":false},"excerpt":{"rendered":"<p>Maiores informa\u00e7\u00f5es aqui.<\/p>\n","protected":false},"author":1,"featured_media":0,"comment_status":"closed","ping_status":"closed","sticky":false,"template":"","format":"standard","meta":{"content-type":""},"categories":[70],"tags":[],"_links":{"self":[{"href":"https:\/\/sedes.org.br\/Departamentos\/Psicanalise_da_crianca\/index.php?rest_route=\/wp\/v2\/posts\/2671"}],"collection":[{"href":"https:\/\/sedes.org.br\/Departamentos\/Psicanalise_da_crianca\/index.php?rest_route=\/wp\/v2\/posts"}],"about":[{"href":"https:\/\/sedes.org.br\/Departamentos\/Psicanalise_da_crianca\/index.php?rest_route=\/wp\/v2\/types\/post"}],"author":[{"embeddable":true,"href":"https:\/\/sedes.org.br\/Departamentos\/Psicanalise_da_crianca\/index.php?rest_route=\/wp\/v2\/users\/1"}],"replies":[{"embeddable":true,"href":"https:\/\/sedes.org.br\/Departamentos\/Psicanalise_da_crianca\/index.php?rest_route=%2Fwp%2Fv2%2Fcomments&post=2671"}],"version-history":[{"count":4,"href":"https:\/\/sedes.org.br\/Departamentos\/Psicanalise_da_crianca\/index.php?rest_route=\/wp\/v2\/posts\/2671\/revisions"}],"predecessor-version":[{"id":2751,"href":"https:\/\/sedes.org.br\/Departamentos\/Psicanalise_da_crianca\/index.php?rest_route=\/wp\/v2\/posts\/2671\/revisions\/2751"}],"wp:attachment":[{"href":"https:\/\/sedes.org.br\/Departamentos\/Psicanalise_da_crianca\/index.php?rest_route=%2Fwp%2Fv2%2Fmedia&parent=2671"}],"wp:term":[{"taxonomy":"category","embeddable":true,"href":"https:\/\/sedes.org.br\/Departamentos\/Psicanalise_da_crianca\/index.php?rest_route=%2Fwp%2Fv2%2Fcategories&post=2671"},{"taxonomy":"post_tag","embeddable":true,"href":"https:\/\/sedes.org.br\/Departamentos\/Psicanalise_da_crianca\/index.php?rest_route=%2Fwp%2Fv2%2Ftags&post=2671"}],"curies":[{"name":"wp","href":"https:\/\/api.w.org\/{rel}","templated":true}]}}