{"id":3378,"date":"2022-11-30T19:31:17","date_gmt":"2022-11-30T22:31:17","guid":{"rendered":"https:\/\/sedes.org.br\/Departamentos\/Psicanalise_da_crianca\/?p=3378"},"modified":"2024-10-21T12:04:14","modified_gmt":"2024-10-21T15:04:14","slug":"boletim-eletronico-ano-viii-numero-15","status":"publish","type":"post","link":"https:\/\/sedes.org.br\/Departamentos\/Psicanalise_da_crianca\/?p=3378","title":{"rendered":"Boletim Eletr\u00f4nico &#8211; ANO VIII | N\u00famero 15"},"content":{"rendered":"<table border=\"0\" width=\"100%\" cellspacing=\"0\" cellpadding=\"0\" bgcolor=\"#8d8e90\">\n<tbody>\n<tr>\n<td>\n<table border=\"0\" width=\"799\" cellspacing=\"0\" cellpadding=\"0\" align=\"center\" bgcolor=\"#FFFFFF\">\n<tbody>\n<tr>\n<td colspan=\"4\">\n<table border=\"0\" width=\"100%\" cellspacing=\"0\" cellpadding=\"0\">\n<tbody>\n<tr>\n<td width=\"61\">\n<table border=\"0\" width=\"96%\" cellspacing=\"0\" cellpadding=\"0\">\n<tbody>\n<tr>\n<td width=\"55\" height=\"106\"><\/td>\n<td width=\"243\"><img class=\"lazyload\" src=\"data:image\/svg+xml,%3Csvg%20xmlns%3D%27http%3A%2F%2Fwww.w3.org%2F2000%2Fsvg%27%20width%3D%27216%27%20height%3D%2776%27%20viewBox%3D%270%200%20216%2076%27%3E%3Crect%20width%3D%27216%27%20height%3D%2776%27%20fill-opacity%3D%220%22%2F%3E%3C%2Fsvg%3E\" data-orig-src=\"http:\/\/www.sedes.org.br\/Departamentos\/Psicanalise_crianca\/boletim\/boletim15_publico\/imagens\/boletim2.png\" alt=\"boletim\" width=\"216\" height=\"76\" border=\"0\" \/><\/td>\n<td width=\"11\"><\/td>\n<td width=\"450\">\n<table border=\"0\" width=\"100%\" cellspacing=\"0\" cellpadding=\"0\" align=\"center\">\n<tbody>\n<tr>\n<td align=\"right\" valign=\"middle\" height=\"14\"><\/td>\n<\/tr>\n<tr>\n<td colspan=\"2\" height=\"30\">\n<p class=\"cursos_destaque\">INFORMATIVO ONLINE SOBRE AS ATIVIDADES DO DEPARTAMENTO<img class=\"lazyload\" src=\"data:image\/svg+xml,%3Csvg%20xmlns%3D%27http%3A%2F%2Fwww.w3.org%2F2000%2Fsvg%27%20width%3D%2719%27%20height%3D%279%27%20viewBox%3D%270%200%2019%209%27%3E%3Crect%20width%3D%2719%27%20height%3D%279%27%20fill-opacity%3D%220%22%2F%3E%3C%2Fsvg%3E\" data-orig-src=\"http:\/\/www.sedes.org.br\/Departamentos\/Psicanalise_crianca\/boletim\/boletim15_publico\/imagens\/transparente.gif\" alt=\"\" width=\"19\" height=\"9\" \/><br \/>\nPSICAN\u00c1LISE COM CRIAN\u00c7AS DO INSTITUTO SEDES SAPIENTIAE<img class=\"lazyload\" src=\"data:image\/svg+xml,%3Csvg%20xmlns%3D%27http%3A%2F%2Fwww.w3.org%2F2000%2Fsvg%27%20width%3D%2719%27%20height%3D%279%27%20viewBox%3D%270%200%2019%209%27%3E%3Crect%20width%3D%2719%27%20height%3D%279%27%20fill-opacity%3D%220%22%2F%3E%3C%2Fsvg%3E\" data-orig-src=\"http:\/\/www.sedes.org.br\/Departamentos\/Psicanalise_crianca\/boletim\/boletim15_publico\/imagens\/transparente.gif\" alt=\"\" width=\"19\" height=\"9\" \/><\/p>\n<\/td>\n<\/tr>\n<tr>\n<td class=\"cursos_destaque\" colspan=\"2\" height=\"2\">ANO VIII | N\u00famero 15 | edi\u00e7\u00e3o agosto a dezembro de 2021<img class=\"lazyload\" src=\"data:image\/svg+xml,%3Csvg%20xmlns%3D%27http%3A%2F%2Fwww.w3.org%2F2000%2Fsvg%27%20width%3D%2719%27%20height%3D%279%27%20viewBox%3D%270%200%2019%209%27%3E%3Crect%20width%3D%2719%27%20height%3D%279%27%20fill-opacity%3D%220%22%2F%3E%3C%2Fsvg%3E\" data-orig-src=\"http:\/\/www.sedes.org.br\/Departamentos\/Psicanalise_crianca\/boletim\/boletim15_publico\/imagens\/transparente.gif\" alt=\"\" width=\"19\" height=\"9\" \/><\/td>\n<\/tr>\n<tr>\n<td class=\"subtexto\" colspan=\"2\" height=\"3\"><img class=\"lazyload\" src=\"data:image\/svg+xml,%3Csvg%20xmlns%3D%27http%3A%2F%2Fwww.w3.org%2F2000%2Fsvg%27%20width%3D%27450%27%20height%3D%2710%27%20viewBox%3D%270%200%20450%2010%27%3E%3Crect%20width%3D%27450%27%20height%3D%2710%27%20fill-opacity%3D%220%22%2F%3E%3C%2Fsvg%3E\" data-orig-src=\"http:\/\/www.sedes.org.br\/Departamentos\/Psicanalise_crianca\/boletim\/boletim15_publico\/imagens\/fio.png\" width=\"450\" height=\"10\" \/><\/td>\n<\/tr>\n<tr>\n<td class=\"cursos_destaque\" colspan=\"2\" align=\"right\" height=\"6\"><strong><span><a href=\"http:\/\/www.sedes.org.br\/Departamentos\/Psicanalise_crianca\/boletim\/boletim15_publico\/sobre.html\" target=\"_blank\" rel=\"noopener\"><img class=\"lazyload\" loading=\"lazy\" src=\"data:image\/svg+xml,%3Csvg%20xmlns%3D%27http%3A%2F%2Fwww.w3.org%2F2000%2Fsvg%27%20width%3D%27150%27%20height%3D%275%27%20viewBox%3D%270%200%20150%205%27%3E%3Crect%20width%3D%27150%27%20height%3D%275%27%20fill-opacity%3D%220%22%2F%3E%3C%2Fsvg%3E\" data-orig-src=\"http:\/\/www.sedes.org.br\/Departamentos\/Psicanalise_crianca\/boletim\/boletim15_publico\/imagens\/transparente.gif\" alt=\"\" width=\"150\" height=\"5\" border=\"0\" \/>SOBRE<img class=\"lazyload\" loading=\"lazy\" src=\"data:image\/svg+xml,%3Csvg%20xmlns%3D%27http%3A%2F%2Fwww.w3.org%2F2000%2Fsvg%27%20width%3D%278%27%20height%3D%275%27%20viewBox%3D%270%200%208%205%27%3E%3Crect%20width%3D%278%27%20height%3D%275%27%20fill-opacity%3D%220%22%2F%3E%3C%2Fsvg%3E\" data-orig-src=\"http:\/\/www.sedes.org.br\/Departamentos\/Psicanalise_crianca\/boletim\/boletim15_publico\/imagens\/transparente.gif\" alt=\"\" width=\"8\" height=\"5\" border=\"0\" \/><\/a><\/span><span class=\"cursos_destaque\"><a href=\"http:\/\/www.sedes.org.br\/Departamentos\/Psicanalise_da_crianca\/\">|<\/a><\/span><span class=\"cursos_destaque\"><a href=\"http:\/\/www.sedes.org.br\/Departamentos\/Psicanalise_da_crianca\/\"><img class=\"lazyload\" loading=\"lazy\" src=\"data:image\/svg+xml,%3Csvg%20xmlns%3D%27http%3A%2F%2Fwww.w3.org%2F2000%2Fsvg%27%20width%3D%278%27%20height%3D%275%27%20viewBox%3D%270%200%208%205%27%3E%3Crect%20width%3D%278%27%20height%3D%275%27%20fill-opacity%3D%220%22%2F%3E%3C%2Fsvg%3E\" data-orig-src=\"http:\/\/www.sedes.org.br\/Departamentos\/Psicanalise_crianca\/boletim\/boletim15_publico\/imagens\/transparente.gif\" alt=\"\" width=\"8\" height=\"5\" border=\"0\" \/>SITE DO DEPARTAMENTO<img class=\"lazyload\" loading=\"lazy\" src=\"data:image\/svg+xml,%3Csvg%20xmlns%3D%27http%3A%2F%2Fwww.w3.org%2F2000%2Fsvg%27%20width%3D%278%27%20height%3D%275%27%20viewBox%3D%270%200%208%205%27%3E%3Crect%20width%3D%278%27%20height%3D%275%27%20fill-opacity%3D%220%22%2F%3E%3C%2Fsvg%3E\" data-orig-src=\"http:\/\/www.sedes.org.br\/Departamentos\/Psicanalise_crianca\/boletim\/boletim15_publico\/imagens\/transparente.gif\" alt=\"\" width=\"8\" height=\"5\" border=\"0\" \/><\/a><\/span>|<span class=\"cursos_destaque1\"><a href=\"http:\/\/www.sedes.org.br\/Departamentos\/Psicanalise_da_crianca\/\"><img class=\"lazyload\" loading=\"lazy\" src=\"data:image\/svg+xml,%3Csvg%20xmlns%3D%27http%3A%2F%2Fwww.w3.org%2F2000%2Fsvg%27%20width%3D%278%27%20height%3D%275%27%20viewBox%3D%270%200%208%205%27%3E%3Crect%20width%3D%278%27%20height%3D%275%27%20fill-opacity%3D%220%22%2F%3E%3C%2Fsvg%3E\" data-orig-src=\"http:\/\/www.sedes.org.br\/Departamentos\/Psicanalise_crianca\/boletim\/boletim15_publico\/imagens\/transparente.gif\" alt=\"\" width=\"8\" height=\"5\" border=\"0\" \/><\/a><\/span><span><a href=\"http:\/\/www.sedes.org.br\/Departamentos\/Psicanalise_crianca\/boletim\/boletim15_publico\/sobre.html\"><img class=\"lazyload\" loading=\"lazy\" src=\"data:image\/svg+xml,%3Csvg%20xmlns%3D%27http%3A%2F%2Fwww.w3.org%2F2000%2Fsvg%27%20width%3D%272%27%20height%3D%275%27%20viewBox%3D%270%200%202%205%27%3E%3Crect%20width%3D%272%27%20height%3D%275%27%20fill-opacity%3D%220%22%2F%3E%3C%2Fsvg%3E\" data-orig-src=\"http:\/\/www.sedes.org.br\/Departamentos\/Psicanalise_crianca\/boletim\/boletim15_publico\/imagens\/transparente.gif\" alt=\"\" width=\"2\" height=\"5\" border=\"0\" \/><\/a><\/span><span class=\"cursos_destaque1\"><a href=\"https:\/\/www.instagram.com\/sedespsicanalisecomcriancas\/\" target=\"_blank\" rel=\"noopener\"><img class=\"lazyload\" src=\"data:image\/gif;base64,R0lGODlhAQABAAAAACH5BAEKAAEALAAAAAABAAEAAAICTAEAOw==\" data-orig-src=\"http:\/\/www.sedes.org.br\/Departamentos\/Psicanalise_crianca\/boletim\/boletim15_publico\/imagens\/PROMO-GREEN2_09_01.jpg\" alt=\"facebook\" height=\"15\" align=\"top\" border=\"0\" \/><img class=\"lazyload\" src=\"data:image\/gif;base64,R0lGODlhAQABAAAAACH5BAEKAAEALAAAAAABAAEAAAICTAEAOw==\" data-orig-src=\"http:\/\/www.sedes.org.br\/Departamentos\/Psicanalise_crianca\/boletim\/boletim15_publico\/imagens\/Instagram.png\" alt=\"Instagram\" height=\"15\" align=\"top\" border=\"0\" \/><\/a><\/span><span class=\"cursos_destaque\"><a href=\"http:\/\/www.sedes.org.br\/Departamentos\/Psicanalise_da_crianca\/\"><img class=\"lazyload\" loading=\"lazy\" src=\"data:image\/svg+xml,%3Csvg%20xmlns%3D%27http%3A%2F%2Fwww.w3.org%2F2000%2Fsvg%27%20width%3D%2710%27%20height%3D%275%27%20viewBox%3D%270%200%2010%205%27%3E%3Crect%20width%3D%2710%27%20height%3D%275%27%20fill-opacity%3D%220%22%2F%3E%3C%2Fsvg%3E\" data-orig-src=\"http:\/\/www.sedes.org.br\/Departamentos\/Psicanalise_crianca\/boletim\/boletim15_publico\/imagens\/transparente.gif\" alt=\"\" width=\"10\" height=\"5\" border=\"0\" \/><\/a><\/span><\/strong><\/td>\n<\/tr>\n<\/tbody>\n<\/table>\n<p><a href=\"http:\/\/www.sedes.org.br\/Departamentos\/Psicanalise_crianca\/boletim\/01-2015\/\"><span class=\"subtexto\"><img class=\"lazyload\" loading=\"lazy\" src=\"data:image\/svg+xml,%3Csvg%20xmlns%3D%27http%3A%2F%2Fwww.w3.org%2F2000%2Fsvg%27%20width%3D%27450%27%20height%3D%2710%27%20viewBox%3D%270%200%20450%2010%27%3E%3Crect%20width%3D%27450%27%20height%3D%2710%27%20fill-opacity%3D%220%22%2F%3E%3C%2Fsvg%3E\" data-orig-src=\"http:\/\/www.sedes.org.br\/Departamentos\/Psicanalise_crianca\/boletim\/boletim15_publico\/imagens\/fio.png\" alt=\"\" width=\"450\" height=\"10\" align=\"top\" \/><\/span><\/a><\/td>\n<\/tr>\n<\/tbody>\n<\/table>\n<\/td>\n<\/tr>\n<\/tbody>\n<\/table>\n<\/td>\n<\/tr>\n<tr>\n<td align=\"left\" valign=\"top\" bgcolor=\"#ffffff\" width=\"37\"><img class=\"lazyload\" loading=\"lazy\" src=\"data:image\/svg+xml,%3Csvg%20xmlns%3D%27http%3A%2F%2Fwww.w3.org%2F2000%2Fsvg%27%20width%3D%2715%27%20height%3D%2711%27%20viewBox%3D%270%200%2015%2011%27%3E%3Crect%20width%3D%2715%27%20height%3D%2711%27%20fill-opacity%3D%220%22%2F%3E%3C%2Fsvg%3E\" data-orig-src=\"http:\/\/www.sedes.org.br\/Departamentos\/Psicanalise_crianca\/boletim\/boletim15_publico\/imagens\/transparente.gif\" alt=\"\" width=\"15\" height=\"11\" \/><\/td>\n<td align=\"left\" valign=\"top\" bgcolor=\"#ffffff\" width=\"41\"><\/td>\n<td colspan=\"3\" valign=\"top\" bgcolor=\"#ffffff\" height=\"22\"><\/td>\n<td align=\"center\" width=\"50\"><\/td>\n<\/tr>\n<tr>\n<td colspan=\"5\">\n<table border=\"0\" width=\"100%\" cellspacing=\"0\" cellpadding=\"0\">\n<tbody>\n<tr>\n<td width=\"4%\"><\/td>\n<td align=\"left\" valign=\"top\" width=\"96%\">\n<table border=\"0\" width=\"100%\" cellspacing=\"0\" cellpadding=\"0\">\n<tbody>\n<tr>\n<td align=\"left\" valign=\"top\">\n<table border=\"0\" cellspacing=\"0\" cellpadding=\"15\" align=\"left\">\n<tbody>\n<tr class=\"subtexto\">\n<td colspan=\"2\" rowspan=\"2\" align=\"left\" valign=\"top\"><\/td>\n<td class=\"subtexto\" align=\"justify\" valign=\"top\" bgcolor=\"#f7e8ba\"><span class=\"t\u00edtulo\"><img class=\"lazyload\" loading=\"lazy\" src=\"data:image\/svg+xml,%3Csvg%20xmlns%3D%27http%3A%2F%2Fwww.w3.org%2F2000%2Fsvg%27%20width%3D%2781%27%20height%3D%2725%27%20viewBox%3D%270%200%2081%2025%27%3E%3Crect%20width%3D%2781%27%20height%3D%2725%27%20fill-opacity%3D%220%22%2F%3E%3C%2Fsvg%3E\" data-orig-src=\"http:\/\/www.sedes.org.br\/Departamentos\/Psicanalise_crianca\/boletim\/boletim15_publico\/imagens\/secoes_editorial.png\" alt=\"editorial\" width=\"81\" height=\"25\" \/><\/span><\/td>\n<td class=\"subtexto\" align=\"justify\" valign=\"top\" bgcolor=\"#f7e8ba\"><\/td>\n<\/tr>\n<tr class=\"subtexto\">\n<td class=\"subtexto\" align=\"justify\" valign=\"top\" bgcolor=\"#f7e8ba\">\n<p class=\"subtexto\">Em 2022, o Departamento completa 25 anos! Mas nosso embri\u00e3o &#8211; a decis\u00e3o de um certo grupo de analistas de se organizar em torno do estudo e das pr\u00e1ticas da cl\u00ednica com crian\u00e7as &#8211; aconteceu muitas d\u00e9cadas antes! A sustenta\u00e7\u00e3o do campo, dentro de uma institui\u00e7\u00e3o, e em rela\u00e7\u00e3o com uma extensa e diversa comunidade psicanal\u00edtica, sempre exigiu um grande f\u00f4lego dos nossos membros. Um f\u00f4lego renovado cotidianamente nos diversos espa\u00e7os que fomos criando, ao longo dos anos de trabalho e de conv\u00edvio, em uma jornada percorrida coletivamente.<\/p>\n<p>Nos \u00faltimos dois anos, atravessamos tempos dif\u00edceis, que nos convocaram a lidar com o luto e com reinven\u00e7\u00f5es, para mantermos funcionando nossos cursos, supervis\u00f5es, grupos de trabalho e de pesquisa, e tamb\u00e9m nossos eventos. Tivemos que adaptar a transmiss\u00e3o \u00e0s telas, e oferecer espa\u00e7os de interlocu\u00e7\u00e3o \u00e0queles que tamb\u00e9m se depararam com as dificuldades do atendimento de crian\u00e7as pelo modo remoto. Novamente, o fazer coletivo foi crucial para seguirmos.<\/p>\n<p>Para esta edi\u00e7\u00e3o, trouxemos para o Boletim Eletr\u00f4nico, uma pr\u00e1tica que acontece todo ano, que \u00e9 a Apresenta\u00e7\u00e3o do Departamento, comumente feita aos alunos que est\u00e3o ingressando no curso. Por ocasi\u00e3o da pandemia, esse evento foi suspenso &#8211; os planos s\u00e3o para que volte a ser realizado neste ano. De qualquer maneira, temos aqui uma esp\u00e9cie de publica\u00e7\u00e3o-guia do nosso momento atual, bem como de alguns momentos importantes que nos precederam e que fazem parte das nossas ra\u00edzes. Foi uma experi\u00eancia gratificante vasculhar nossos arquivos boletinescos em busca de alguns marcos dessa nossa pequena comunidade e que d\u00e3o corpo ao que somos hoje.<\/p>\n<p>Temos ainda as not\u00edcias sobre bolsas e sobre as cotas para alunos pretos e pardos, seguidas do coment\u00e1rio instigante de Marcia Porto Ferreira, que nos interpela com a pergunta: &#8220;O que o Departamento de Psican\u00e1lise com Crian\u00e7as tem feito com a quest\u00e3o do racismo, que vem t\u00e3o vigorosamente se impondo, provocada de tantas formas, em tantos espa\u00e7os?&#8221;<\/p>\n<p>Convidamos ent\u00e3o, os nossos leitores, a instigar-se, a avivar-se, com o campo que nos concerne, e a se achegarem mais para compor esse corpo vivo que \u00e9 o Departamento, que se nutre dos seus membros e dos seus alunos, e da vontade que eles t\u00eam de trazer para c\u00e1 suas inquieta\u00e7\u00f5es, suas identifica\u00e7\u00f5es e suas diferen\u00e7as, para fomentarmos e sustentarmos cada vez mais esse projeto coletivo.<\/p>\n<p><span class=\"sub_secoes\">Nesta edi\u00e7\u00e3o:<\/span><br \/>\n\u2022 Not\u00edcias sobre cotas e bolsas, e o coment\u00e1rio de Marcia Porto Ferreira, co-coordenadora do Departamento, sobre o assunto;<br \/>\n\u2022 Apresenta\u00e7\u00e3o do Departamento: A transmiss\u00e3o, nossas origens, as exitosas monografias do curso Psican\u00e1lise com Crian\u00e7as, nossos grupos de trabalho e pesquisa, nossos espa\u00e7os de comunica\u00e7\u00e3o, como se tornar membro do Departamento.<\/p>\n<p>Boa leitura,<\/p>\n<p><strong>Alessandra Cassia Leite Barbieri<\/strong><br \/>\n<span class=\"texto_italic_notas\">Editora do Boletim Eletr\u00f4nico do Departamento Psican\u00e1lise com Crian\u00e7as<\/span><\/p>\n<p><strong>Equipe editorial<\/strong><br \/>\n<span class=\"texto_italic_notas\">Alessandra Cassia Leite Barbieri e Vanessa Freitas<\/span><\/td>\n<td class=\"subtexto\" align=\"justify\" valign=\"top\" bgcolor=\"#f7e8ba\"><\/td>\n<\/tr>\n<tr>\n<td colspan=\"2\"><\/td>\n<td valign=\"top\" width=\"790\">\n<table border=\"0\" width=\"100%\" cellspacing=\"0\" cellpadding=\"6\" align=\"center\">\n<tbody>\n<tr>\n<td colspan=\"2\" align=\"left\" valign=\"middle\" bgcolor=\"#e08235\">\n<p class=\"chapeu_materias_br\">Notas<\/p>\n<\/td>\n<\/tr>\n<tr>\n<td colspan=\"4\" align=\"left\" valign=\"top\" bgcolor=\"#9c896f\"><span class=\"notas\">1.<\/span><br \/>\n<span class=\"t\u00edtulo_Notas_white\">Bolsas de Estudo<\/span><\/td>\n<\/tr>\n<tr>\n<td class=\"texto_notas\" colspan=\"2\" align=\"left\" valign=\"top\" bgcolor=\"#e3e2d5\">Ao final de 2021, a Coordena\u00e7\u00e3o Geral do Departamento (CG) formalizou uma importante e in\u00e9dita decis\u00e3o, que h\u00e1 muito vinha sendo discutida, sobre a viabiliza\u00e7\u00e3o de bolsas de estudos para o curso Psican\u00e1lise com Crian\u00e7as. Segue abaixo a comunica\u00e7\u00e3o veiculada em nossas redes sociais e enviada aos interessados em dezembro \u00faltimo:<\/p>\n<p>O Departamento Psican\u00e1lise com Crian\u00e7as do Instituto Sedes Sapientiae est\u00e1 oferecendo duas bolsas parciais (50% do valor do curso durante toda a sua dura\u00e7\u00e3o) para o curso de Especializa\u00e7\u00e3o Psican\u00e1lise com Crian\u00e7as, com in\u00edcio em 2022. As bolsas est\u00e3o destinadas a profissionais que atuem na rede de sa\u00fade p\u00fablica, no atendimento a crian\u00e7as.<\/p>\n<p>Os alunos dever\u00e3o se candidatar ao processo de sele\u00e7\u00e3o e, ap\u00f3s aprovados, pleitear a bolsa. Nesse momento ent\u00e3o, precisar\u00e3o apresentar dados para avalia\u00e7\u00e3o s\u00f3cio econ\u00f4mica e comprovar o v\u00ednculo empregat\u00edcio na rede p\u00fablica de sa\u00fade que implique atendimento de crian\u00e7as. Maiores informa\u00e7\u00f5es sobre o curso e processo de sele\u00e7\u00e3o poder\u00e3o ser obtidas no site do Instituto Sedes Sapientiae ou ao final dessa edi\u00e7\u00e3o.<\/td>\n<\/tr>\n<tr>\n<td colspan=\"2\" align=\"left\" valign=\"top\" bgcolor=\"#9c896f\"><span class=\"cursos_destaque\"><span class=\"notas\">2.<\/span><br \/>\n<\/span><span class=\"t\u00edtulo_Notas_white\">Cotas para alunos pretos e pardos<\/span><\/td>\n<\/tr>\n<tr>\n<td class=\"cursos_destaque\" colspan=\"2\" align=\"left\" valign=\"top\" bgcolor=\"#e3e2d5\">\n<p class=\"texto_notas\">O Instituto lan\u00e7ou edital para preenchimento de uma vaga para cada curso de Especializa\u00e7\u00e3o e de Aperfei\u00e7oamento para alunos pardos e pretos.\u00a0<a href=\"https:\/\/sedes.org.br\/site\/edital-processo-seletivo-2022-cotas\/\"><strong>Acesse aqui para saber mais<\/strong><\/a><strong>.<\/strong><br \/>\nSegue o texto do edital na \u00edntegra:<\/p>\n<p>Est\u00e1 aberta uma vaga para cada curso de Especializa\u00e7\u00e3o e Aperfei\u00e7oamento. Os cursos que preencherem o n\u00famero m\u00e1ximo de alunos matriculados ter\u00e3o uma vaga adicional.<br \/>\nOs (As) interessados(as) nas vagas descritas acima devem inscrever-se na data indicada pelo curso e participar do processo seletivo do curso em que deseja fazer a sua forma\u00e7\u00e3o.<br \/>\n<strong>No caso de ser aprovado<\/strong>\u00a0no processo seletivo o aluno dever\u00e1, no prazo m\u00e1ximo de dois dias uteis, inscrever-se no endere\u00e7o<strong>\u00a0<a href=\"http:\/\/inscricaocotas.sedes.org.br\/\">inscricaocotas.sedes.org.br<\/a><\/strong><br \/>\nAs inscri\u00e7\u00f5es ser\u00e3o consideradas efetivadas ap\u00f3s: ser aprovado no processo seletivo do curso; preencher a ficha de inscri\u00e7\u00e3o e autodeclara\u00e7\u00e3o racial (preto ou pardo).<br \/>\nN\u00e3o ser\u00e3o deferidas inscri\u00e7\u00f5es com a documenta\u00e7\u00e3o incompleta ou fora do prazo estipulado. A ficha de inscri\u00e7\u00e3o e autodeclara\u00e7\u00e3o ap\u00f3s assinatura dever\u00e1 ser escaneada e enviada ao e-mail\u00a0<a href=\"mailto:%20inscricaocotas.sedes.org.br\"><strong>inscricaocotas@sedes.org.br<\/strong><br \/>\n<\/a>O aluno aprovado para a vaga do curso em que foi selecionado receber\u00e1 comunicado da administra\u00e7\u00e3o de sua aprova\u00e7\u00e3o para a realiza\u00e7\u00e3o da matr\u00edcula. Caso exceda o n\u00famero de candidatos autodeclarados pretos e pardos, ser\u00e3o adotados os crit\u00e9rios de desempate abaixo, na seguinte ordem: Idade maior; m\u00e3e solo; maior n\u00famero de filhos.<br \/>\nConstatada em qualquer \u00e9poca a inconsist\u00eancia da autodeclara\u00e7\u00e3o de optantes por vagas reservadas ficar\u00e1 a pessoa candidata sujeita ao impedimento de matr\u00edcula ou desligamento do curso, ap\u00f3s procedimento administrativo em que lhe seja assegurado o contradit\u00f3rio e ampla defesa, sem preju\u00edzo de outras san\u00e7\u00f5es cab\u00edveis. Os casos omissos n\u00e3o previstos neste edital ser\u00e3o resolvidos pela Diretoria.<\/p>\n<p class=\"linha_dark\">S\u00e3o Paulo, dezembro de 2021<br \/>\nDiretoria do Instituto Sedes Sapientiae<\/p>\n<p class=\"linha_dark\">\n<\/td>\n<\/tr>\n<tr>\n<td colspan=\"2\" align=\"left\" valign=\"top\" height=\"5\"><\/td>\n<\/tr>\n<tr>\n<td colspan=\"2\" align=\"left\" valign=\"middle\" bgcolor=\"#e08235\">\n<p class=\"chapeu_materias_br\">Coment\u00e1rios<\/p>\n<\/td>\n<\/tr>\n<tr>\n<td colspan=\"2\" align=\"right\" valign=\"middle\" bgcolor=\"#edf4e8\">\n<blockquote>\n<p class=\"subtexto\">\n<span class=\"subtexto_cinza\">Esse grupo revela a significativa presen\u00e7a de pretos entre os pacientes e funcion\u00e1rios de menor remunera\u00e7\u00e3o, assim como uma aus\u00eancia quase total de pretos dentre os alunos, professores e funcion\u00e1rios nos diversos cargos da institui\u00e7\u00e3o, condi\u00e7\u00e3o de possibilidade para o letramento da subjetividade preta, para desnaturalizar a branquitude e, portanto, para tomada de posi\u00e7\u00f5es verdadeiramente anti-racistas. Mas tamb\u00e9m, fundamentalmente interroga: o que a psican\u00e1lise tem a ver com essa quest\u00e3o? Como pode contribuir?<\/span><\/p>\n<p class=\"subtexto\">Continue lendo o instigante coment\u00e1rio de Marcia Porto Ferreira, sobre a pol\u00edtica de cotas do Instituto,\u00a0<a href=\"http:\/\/www.sedes.org.br\/Departamentos\/Psicanalise_crianca\/boletim\/boletim15_publico\/texto_comentarios.html\"><strong>acessando aqui<\/strong><\/a>.<\/p>\n<\/blockquote>\n<\/td>\n<\/tr>\n<tr>\n<td colspan=\"2\" align=\"left\" valign=\"top\" bgcolor=\"#e08235\" height=\"10\"><\/td>\n<\/tr>\n<tr>\n<td colspan=\"2\" align=\"left\" valign=\"middle\" bgcolor=\"#e08235\">\n<p class=\"chapeu_materias_br\">Apresenta\u00e7\u00e3o do Departamento de Psican\u00e1lise com Crian\u00e7as<\/p>\n<\/td>\n<\/tr>\n<tr>\n<td colspan=\"2\" align=\"left\" valign=\"top\" bgcolor=\"#e08235\" height=\"10\"><\/td>\n<\/tr>\n<tr>\n<td colspan=\"2\" align=\"right\" valign=\"top\" bgcolor=\"#fcda79\" height=\"30\">\n<blockquote>\n<p class=\"subtexto\"><span class=\"t\u00edtulo\"><strong><span class=\"t\u00edtulo_Notas1\"><span class=\"t\u00edtulo_Notas_cinza\"><br \/>\n<\/span><\/span><\/strong><\/span><span class=\"subtexto\">Temos a seguir, uma esp\u00e9cie de fotografia atual do Departamento. Est\u00e3o aqui nossos espa\u00e7os de transmiss\u00e3o, um pouco da nossa hist\u00f3ria, as escritas dos nossos alunos que conclu\u00edram o curso de especializa\u00e7\u00e3o, nossas pesquisas e nossos grupos de trabalho, os canais de interlocu\u00e7\u00e3o com os colegas, que nos permitem as trocas internas e externas, nas nossas jornadas, boletins, col\u00f3quios, no nosso site e nos nossos perfis nas m\u00eddias sociais. Somos plurais, e guardamos essa multiplicidade n\u00e3o somente nos temas que instigam nossos grupos de trabalho e de pesquisa, mas tamb\u00e9m na manuten\u00e7\u00e3o da diversidade em nossa transmiss\u00e3o, para que ela contemple diferentes linhas e autores significativos dentro do campo da Psican\u00e1lise com Crian\u00e7as.<\/p>\n<p>S\u00e3o 25 anos de Departamento; somos hoje, aproximadamente, 150 membros; temos 28 alunos cursando o Psican\u00e1lise com Crian\u00e7as; s\u00e3o 4 cursos de extens\u00e3o e 1 de especializa\u00e7\u00e3o; 13 professores pertencentes ao curso Psican\u00e1lise com Crian\u00e7as; 15 professores ligados aos cursos de extens\u00e3o; j\u00e1 realizamos 5 Col\u00f3quios de Psican\u00e1lise com Crian\u00e7as.\u00a0<strong><a href=\"http:\/\/sedes.org.br\/Departamentos\/Psicanalise_da_crianca\/?p=2636\">Acesse aqui o regimento interno do Departamento.<\/a><\/strong><\/span><\/p>\n<p class=\"texto_notas\"><span class=\"subtexto\">A gest\u00e3o 2021-2022 traz os seguintes nomes em suas coordena\u00e7\u00f5es:<br \/>\n<strong>Coordena\u00e7\u00e3o do Departamento:<\/strong>\u00a0co-coordena\u00e7\u00e3o de Marcia Porto Ferreira e Adela Stoppel de Gueller<br \/>\n<strong>Setor Cl\u00ednica e Pesquisa:<\/strong>\u00a0Taisa Martinelli<br \/>\n<strong>Setor Eventos:<\/strong>\u00a0Julia Eid<br \/>\n<strong>Setor Comunica\u00e7\u00e3o:<\/strong>\u00a0co-coordena\u00e7\u00e3o de Vanessa Freitas e Alessandra Barbieri<br \/>\n<strong>Setor Extens\u00e3o:<\/strong>\u00a0Denise Monteiro<br \/>\n<strong>Setor Curso:<\/strong>\u00a0Maria do Carmo Vidigal Meyer Dittmar<br \/>\n<strong>Secretaria da Coordena\u00e7\u00e3o Geral:<\/strong>\u00a0Lia Rudge<br \/>\n<strong>Representante Nas:<\/strong>\u00a0Lia Rudge<\/p>\n<p><\/span><span class=\"subtexto\">Conhe\u00e7a a estrutura do departamento\u00a0<a href=\"http:\/\/www.sedes.org.br\/Departamentos\/Psicanalise_crianca\/boletim\/boletim15_publico\/estrutura.html\"><strong>aqui<\/strong><\/a>.<\/p>\n<p>Role a p\u00e1gina para saber mais sobre as ramifica\u00e7\u00f5es do nosso grupamento.<\/span><\/p>\n<\/blockquote>\n<\/td>\n<\/tr>\n<tr>\n<td colspan=\"2\" align=\"left\" valign=\"top\" height=\"5\"><\/td>\n<\/tr>\n<tr>\n<td class=\"cursos_destaque\" colspan=\"2\" align=\"left\" valign=\"middle\" bgcolor=\"#f9f1d7\" height=\"10\"><strong><span class=\"cursos_destaque1\"><img class=\"lazyload\" loading=\"lazy\" src=\"data:image\/svg+xml,%3Csvg%20xmlns%3D%27http%3A%2F%2Fwww.w3.org%2F2000%2Fsvg%27%20width%3D%2730%27%20height%3D%2730%27%20viewBox%3D%270%200%2030%2030%27%3E%3Crect%20width%3D%2730%27%20height%3D%2730%27%20fill-opacity%3D%220%22%2F%3E%3C%2Fsvg%3E\" data-orig-src=\"http:\/\/www.sedes.org.br\/Departamentos\/Psicanalise_crianca\/boletim\/boletim15_publico\/imagens\/transparente.gif\" alt=\"\" width=\"30\" height=\"30\" border=\"0\" \/><\/span><\/strong><strong><span class=\"sub_secoes\">ESPA\u00c7OS DE TRANSMISS\u00c3O<\/span><\/strong><\/td>\n<\/tr>\n<tr>\n<td colspan=\"2\" align=\"right\" valign=\"top\" bgcolor=\"#f9f1d7\" height=\"30\">\n<blockquote>\n<p class=\"subtexto\"><span class=\"subtexto\">Como analistas, estamos sempre em forma\u00e7\u00e3o. A rela\u00e7\u00e3o com o saber psicanal\u00edtico inclui momentos de aproxima\u00e7\u00e3o solit\u00e1ria e compartilhada, do muito que j\u00e1 se construiu, em teoria e em pr\u00e1tica, inclui a confec\u00e7\u00e3o permanente do se fazer analista e da produ\u00e7\u00e3o anal\u00edtica em nome pr\u00f3prio, inclui a troca com os colegas, inclui a insist\u00eancia na pr\u00f3pria an\u00e1lise. Nessa trajet\u00f3ria, entendemos que a transmiss\u00e3o em psican\u00e1lise n\u00e3o acontece de maneira retil\u00ednea, como mera aquisi\u00e7\u00e3o de conte\u00fado, em uma esp\u00e9cie de via de m\u00e3o \u00fanica, que vai do professor ao aluno. Na verdade, a transmiss\u00e3o est\u00e1 presente em todos os espa\u00e7os oferecidos pelo Departamento. No entanto, a forma\u00e7\u00e3o oferecida em um grupamento que pertence a uma institui\u00e7\u00e3o, traz caracter\u00edsticas espec\u00edficas, organizada em cursos, com programas delimitados. Reunimos aqui, sob o t\u00edtulo A Transmiss\u00e3o, os setores CURSO e EXTENS\u00c3O, que abrigam os cursos oferecidos pelo Departamento.<\/p>\n<p>O\u00a0<strong>setor Curso<\/strong>\u00a0\u00e9 composto pelos professores do Psican\u00e1lise com Crian\u00e7as, e desenvolve e coordena todas as atividades relativas ao curso de forma\u00e7\u00e3o &#8211; o qual nem sempre teve esse nome, como conta a professora e coordenadora do Departamento, Lila, em um\u00a0<strong><a href=\"http:\/\/www.sedes.org.br\/Departamentos\/Psicanalise_crianca\/boletim\/boletim15_publico\/imagens\/Sobre_nome_curso.pdf\">texto escrito para o Boletim<\/a><\/strong>, em uma edi\u00e7\u00e3o de 2014. Encontramos tamb\u00e9m, nesta mesma edi\u00e7\u00e3o, uma entrevista feita com a grande maioria dos professores, \u00e0 \u00e9poca, na qual Maria, Lila, Marcia, Elsa, Magaly, Maz\u00e9, Mary, Ada e Adela conversaram vivamente sobre muitos assuntos em torno da contemporaneidade da cl\u00ednica com crian\u00e7as. A configura\u00e7\u00e3o do quadro de professores se alterou um pouco atualmente, mas as ideias ali tratadas s\u00e3o bastante representativas do nosso grupo.\u00a0<a href=\"http:\/\/www.sedes.org.br\/Departamentos\/Psicanalise_crianca\/boletim\/boletim15_publico\/imagens\/Entrevista_Psicanalise_com_Criancas.pdf\"><strong>Acesse aqui para ler a entrevista<\/strong>.<\/a>\u00a0Trazemos ainda, o\u00a0<a href=\"http:\/\/www.sedes.org.br\/Departamentos\/Psicanalise_crianca\/boletim\/boletim15_publico\/imagens\/Programa_Curso_PsicComCriancas.pdf\"><strong>Programa<\/strong><\/a>\u00a0e o\u00a0<a href=\"http:\/\/www.sedes.org.br\/Departamentos\/Psicanalise_crianca\/boletim\/boletim15_publico\/imagens\/Regimento_Curso_PsicComCriancas.pdf\"><strong>Regimento<\/strong><\/a>\u00a0do curso Psican\u00e1lise com Crian\u00e7as.<\/p>\n<p>O\u00a0<strong>setor Extens\u00e3o<\/strong>\u00a0agrupa os demais cursos do Departamento &#8211; aqueles mais introdut\u00f3rios e com dura\u00e7\u00e3o de aproximadamente seis meses, chamados de cursos de\u00a0<strong>Expans\u00e3o<\/strong>\u00a0(atualmente, Leituras Psicanal\u00edticas do Brincar, Cl\u00ednica Psicanal\u00edtica com Crian\u00e7as: A Configura\u00e7\u00e3o de Um Campo, O Falar da Crian\u00e7a &#8211; Um Di\u00e1logo Interdisciplinar entre Fonoaudiologia e Psican\u00e1lise); e aqueles que se debru\u00e7am sobre um tema mais espec\u00edfico, que se estendem por um ano, com um segundo opcional, nomeados de\u00a0<strong>Aperfei\u00e7oamento<\/strong>\u00a0(atualmente, Rela\u00e7\u00e3o Pais-Beb\u00ea: da Observa\u00e7\u00e3o \u00e0 Interven\u00e7\u00e3o).<\/p>\n<p>Todos esses cursos aconteceram regularmente nos dois \u00faltimos anos, mas de maneira remota, por conta da pandemia. Ressaltamos aqui, a vigorosa iniciativa do curso Rela\u00e7\u00e3o Pais-Beb\u00ea, com a realiza\u00e7\u00e3o de mais de 20 lives no seu perfil do Instagram\u00a0<a href=\"https:\/\/www.instagram.com\/relacao_paisbebe_sedes\/\">@relacao_paisbebe_sedes<\/a>.<br \/>\n<a href=\"http:\/\/www.sedes.org.br\/Departamentos\/Psicanalise_crianca\/boletim\/boletim15_publico\/lives.html\"><strong>Clique aqui para acessar os temas e para assistir \u00e0s lives.<\/strong><\/a><\/span><strong><span><\/p>\n<p><\/span><\/strong><\/p>\n<\/blockquote>\n<\/td>\n<\/tr>\n<tr>\n<td colspan=\"2\" align=\"left\" valign=\"top\" height=\"5\"><\/td>\n<\/tr>\n<tr>\n<td class=\"cursos_destaque\" colspan=\"2\" align=\"left\" valign=\"middle\" bgcolor=\"#efdcbd\" height=\"30\"><strong><span class=\"cursos_destaque1\"><a href=\"http:\/\/www.sedes.org.br\/Departamentos\/Psicanalise_da_crianca\/\"><img class=\"lazyload\" loading=\"lazy\" src=\"data:image\/svg+xml,%3Csvg%20xmlns%3D%27http%3A%2F%2Fwww.w3.org%2F2000%2Fsvg%27%20width%3D%2730%27%20height%3D%2725%27%20viewBox%3D%270%200%2030%2025%27%3E%3Crect%20width%3D%2730%27%20height%3D%2725%27%20fill-opacity%3D%220%22%2F%3E%3C%2Fsvg%3E\" data-orig-src=\"http:\/\/www.sedes.org.br\/Departamentos\/Psicanalise_crianca\/boletim\/boletim15_publico\/imagens\/transparente.gif\" alt=\"\" width=\"30\" height=\"25\" border=\"0\" \/><\/a><\/span><span class=\"sub_secoes\">OS EVENTOS<\/span><\/strong><\/td>\n<\/tr>\n<tr>\n<td colspan=\"2\" align=\"right\" valign=\"top\" bgcolor=\"#efdcbd\" height=\"30\">\n<blockquote>\n<p class=\"subtexto\"><span class=\"subtexto\">Reunir os colegas psicanalistas em torno dos temas estudados, falar em nome pr\u00f3prio, ouvir, trocar, discutir, discordar, compor, esses movimentos em torno do fazer anal\u00edtico cotidiano s\u00e3o essenciais na constru\u00e7\u00e3o coletiva do saber. Contamos com a valiosa ajuda do Setor Eventos, composto por membros do Departamento, para conceber, organizar e promover nossos eventos, internos ou externos. Os Encontros Cl\u00ednicos, as Jornadas de Casos Cl\u00ednicos, as Jornadas Internas, o Cinema e Psican\u00e1lise, e os Col\u00f3quios de Psican\u00e1lise com Crian\u00e7as acontecem regularmente em nosso Departamento &#8211; exce\u00e7\u00e3o feita aos \u00faltimos dois anos, por conta das altera\u00e7\u00f5es impostas pela pandemia, quando o setor organizou o Ciclo de Encontros: A Psican\u00e1lise com Crian\u00e7as em Tempos de Covid-19, todos online.\u00a0<a href=\"http:\/\/www.sedes.org.br\/Departamentos\/Psicanalise_crianca\/boletim\/boletim15_publico\/ciclo_encontros.html\"><strong>Acesse aqui<\/strong><\/a>\u00a0os temas e os psicanalistas convidados.<\/p>\n<p>Dentre todos os eventos promovidos regularmente, os col\u00f3quios ganham destaque, principalmente pelo seu tamanho: s\u00e3o dois dias de encontros, nos quais abrigamos mais de 50 trabalhos, distribu\u00eddos por mais de 20 mesas, que contam com a participa\u00e7\u00e3o de colegas do Sedes, de outras institui\u00e7\u00f5es, bem como de outras cidades. Escavando em nossos arquivos boletinescos, localizamos dois documentos interessantes acerca desse evento: as\u00a0<strong><a href=\"http:\/\/www.sedes.org.br\/Departamentos\/Psicanalise_crianca\/boletim\/boletim15_publico\/imagens\/I%20Coloquio%202009.pdf\">palavras da professora Lila<\/a><\/strong>, ent\u00e3o coordenadora do setor, \u00e0s v\u00e9speras do primeiro Col\u00f3quio (edi\u00e7\u00e3o 15, 2009, ainda em papel); e uma\u00a0<strong><a href=\"http:\/\/www.sedes.org.br\/Departamentos\/Psicanalise_crianca\/boletim\/boletim15_publico\/imagens\/Setor%20Eventos%20-%20historia.pdf\">conversa realizada com toda a equipe<\/a><\/strong>, e alguns ex-integrantes do setor, \u00e0s v\u00e9speras do segundo Col\u00f3quio (edi\u00e7\u00e3o 20, 2012, ainda em papel), que traz tamb\u00e9m muitos aspectos hist\u00f3ricos.<\/p>\n<p>Tivemos que cancelar a sexta edi\u00e7\u00e3o, intitulada &#8220;Limite e Transforma\u00e7\u00f5es na Cl\u00ednica com Crian\u00e7as&#8221;, que aconteceria em setembro de 2020, devido ao confinamento. No entanto,\u00a0<a href=\"http:\/\/www.sedes.org.br\/Departamentos\/Psicanalise_crianca\/boletim\/boletim15_publico\/coloquios.html\"><strong>separamos aqui os sites<\/strong><\/a>\u00a0criados especialmente para cada um dos col\u00f3quios anteriores, nos quais \u00e9 poss\u00edvel encontrar n\u00e3o somente as programa\u00e7\u00f5es, mas principalmente o resumo de todos os trabalhos apresentados, e tamb\u00e9m o texto de muitos trabalhos na \u00edntegra.<\/span><strong><span><\/p>\n<p><\/span><\/strong><\/p>\n<\/blockquote>\n<\/td>\n<\/tr>\n<tr>\n<td colspan=\"2\" align=\"left\" valign=\"top\" height=\"5\"><\/td>\n<\/tr>\n<tr>\n<td class=\"cursos_destaque\" colspan=\"2\" align=\"left\" valign=\"middle\" bgcolor=\"#f2e2da\" height=\"30\">\n<p class=\"subt\u00edtulo_capa\"><strong><span class=\"cursos_destaque1\"><a href=\"http:\/\/www.sedes.org.br\/Departamentos\/Psicanalise_da_crianca\/\"><img class=\"lazyload\" loading=\"lazy\" src=\"data:image\/svg+xml,%3Csvg%20xmlns%3D%27http%3A%2F%2Fwww.w3.org%2F2000%2Fsvg%27%20width%3D%2730%27%20height%3D%2725%27%20viewBox%3D%270%200%2030%2025%27%3E%3Crect%20width%3D%2730%27%20height%3D%2725%27%20fill-opacity%3D%220%22%2F%3E%3C%2Fsvg%3E\" data-orig-src=\"http:\/\/www.sedes.org.br\/Departamentos\/Psicanalise_crianca\/boletim\/boletim15_publico\/imagens\/transparente.gif\" alt=\"\" width=\"30\" height=\"25\" border=\"0\" \/><\/a><\/span><span class=\"sub_secoes\">NOSSOS ALUNOS<\/span><\/strong><\/p>\n<\/td>\n<\/tr>\n<tr>\n<td colspan=\"2\" align=\"left\" valign=\"top\" bgcolor=\"#f2e2da\" height=\"30\">\n<blockquote>\n<p class=\"subtexto\">\u00c9 sempre muito gratificante receber as contribui\u00e7\u00f5es dos alunos dos cursos do Departamento aqui no Boletim. Desta vez, reservamos um espa\u00e7o nesta apresenta\u00e7\u00e3o para um momento importante do curso de forma\u00e7\u00e3o, que \u00e9 a feitura da monografia.<\/p>\n<p>Para tanto, trouxemos os textos de ex-alunas, hoje membros do Departamento, que rec\u00e9m-finalizaram o curso Psican\u00e1lise com Crian\u00e7as. Produ\u00e7\u00e3o que encerra o curso, a monografia \u00e9 a oportunidade de maior vulto dos anos da forma\u00e7\u00e3o, tendo o aluno a possibilidade de falar em nome pr\u00f3prio, compondo o estudo te\u00f3rico com suas pr\u00e1ticas cl\u00ednicas, fazendo &#8220;trabalhar&#8221; a psican\u00e1lise. Sob a orienta\u00e7\u00e3o de um professor do curso, o aluno disp\u00f5e do prazo de um ano para entreg\u00e1-la ao professor parecerista.<\/p>\n<p>Assim, \u00e9 com muito entusiasmo que publicamos* tr\u00eas textos frutos das monografias das alunas:<\/p>\n<p><strong>Marina Massari<\/strong>, que finalizou o curso em 2020, e que recorre \u00e0 teoria winnicottiana para falar da sua experi\u00eancia cl\u00ednica com uma crian\u00e7a que foi adotada por dois pais;<\/p>\n<p><strong>Josseline Capua<\/strong>, que finalizou o curso em 2018, e articula os ensinamentos de Lacan com as quest\u00f5es suscitadas pelo atendimento de uma garotinha, \u00e0s voltas com as diferen\u00e7as entre o feminino e o masculino, no momento da separa\u00e7\u00e3o dos pais;<\/p>\n<p><strong>Julia Hatakeyama Joia<\/strong>, que finalizou o curso em 2019, e traz referenciais psicanal\u00edticos para aprofundar suas reflex\u00f5es sobre a escuta das rupturas e do desamparo das inf\u00e2ncias imigrantes em um Centro de Aten\u00e7\u00e3o Psicossocial Infantojuvenil.<\/p>\n<\/blockquote>\n<\/td>\n<\/tr>\n<tr>\n<td class=\"inscricao1\" colspan=\"2\" align=\"center\" valign=\"top\" bgcolor=\"#f2e2da\" height=\"30\">\n* Este conte\u00fado \u00e9 restrito aos membros do Departamento<\/td>\n<\/tr>\n<tr>\n<td colspan=\"2\" align=\"left\" valign=\"top\" height=\"5\"><\/td>\n<\/tr>\n<tr>\n<td class=\"cursos_destaque\" colspan=\"2\" align=\"left\" valign=\"middle\" bgcolor=\"#d3ddc7\" height=\"30\"><strong class=\"subt\u00edtulo_capa\"><strong><span class=\"cursos_destaque1\"><img class=\"lazyload\" loading=\"lazy\" src=\"data:image\/svg+xml,%3Csvg%20xmlns%3D%27http%3A%2F%2Fwww.w3.org%2F2000%2Fsvg%27%20width%3D%2730%27%20height%3D%2735%27%20viewBox%3D%270%200%2030%2035%27%3E%3Crect%20width%3D%2730%27%20height%3D%2735%27%20fill-opacity%3D%220%22%2F%3E%3C%2Fsvg%3E\" data-orig-src=\"http:\/\/www.sedes.org.br\/Departamentos\/Psicanalise_crianca\/boletim\/boletim15_publico\/imagens\/transparente.gif\" alt=\"\" width=\"30\" height=\"35\" border=\"0\" \/><\/span><span class=\"sub_secoes\">A COMUNICA\u00c7\u00c3O<\/span><\/strong><\/strong><\/td>\n<\/tr>\n<tr>\n<td colspan=\"2\" align=\"right\" valign=\"top\" bgcolor=\"#d3ddc7\" height=\"30\">\n<blockquote>\n<p class=\"subtexto\"><strong class=\"titulo_submateria\"><img class=\"lazyload\" src=\"data:image\/gif;base64,R0lGODlhAQABAAAAACH5BAEKAAEALAAAAAABAAEAAAICTAEAOw==\" data-orig-src=\"http:\/\/www.sedes.org.br\/Departamentos\/Psicanalise_crianca\/boletim\/boletim15_publico\/imagens\/Boletim_CAPA_antigo.png\" width=\"150\" align=\"right\" hspace=\"20\" vspace=\"10\" \/><\/strong>O setor que \u00e9 respons\u00e1vel pela elabora\u00e7\u00e3o deste boletim, cuida tamb\u00e9m de outras formas de comunica\u00e7\u00e3o do Departamento com seus alunos, membros, e com a comunidade de maneira mais ampla: as m\u00eddias sociais (Instagram e Facebook), nosso site, a divulga\u00e7\u00e3o dos cursos e eventos promovidos pelo setor Eventos ou por outro espa\u00e7o interno, e quaisquer necess\u00e1rias comunica\u00e7\u00f5es via email. O setor Comunica\u00e7\u00e3o \u00e9 composto por membros do Departamento e seu ve\u00edculo mais longevo \u00e9 o Boletim, que teve sua primeira edi\u00e7\u00e3o lan\u00e7ada em agosto de 2003. Foi somente dez anos depois que o site foi ao ar, Facebook alguns anos mais tarde, e, em 2019, o perfil no Instagram. Entre papel e tela (o Boletim virou Eletr\u00f4nico em 2014), l\u00e1 se v\u00e3o quase 20 anos!<\/p>\n<p>Escavamos o<strong><a href=\"http:\/\/www.sedes.org.br\/Departamentos\/Psicanalise_crianca\/boletim\/boletim15_publico\/imagens\/Boletim_10anos_historia.pdf\">\u00a0texto escrito pela primeira editora<\/a><\/strong>\u00a0e idealizadora do Boletim, Denise Feliciano, publicado na derradeira edi\u00e7\u00e3o em papel, no qual ela revisita o in\u00edcio de tudo, bem como as transforma\u00e7\u00f5es pelas quais o ve\u00edculo foi passando, ao longo dos anos. Inserimos nesse espa\u00e7o tamb\u00e9m nossas produ\u00e7\u00f5es escritas, que est\u00e3o alocadas no setor Publica\u00e7\u00e3o, sem coordena\u00e7\u00e3o no momento. Uma maneira mais formal de nos comunicarmos com nossos colegas psicanalistas, nossos livros e as duas edi\u00e7\u00f5es da Revista Crian\u00e7a d\u00e3o a ver as diferentes formas de articula\u00e7\u00e3o do pensamento psicanal\u00edtico realizado nas \u00faltimas d\u00e9cadas no Departamento.<strong><a href=\"http:\/\/sedes.org.br\/Departamentos\/Psicanalise_da_crianca\/?p=930\">\u00a0Acesse-as aqui.<\/a><\/strong><\/p>\n<\/blockquote>\n<\/td>\n<\/tr>\n<tr>\n<td colspan=\"2\" align=\"left\" valign=\"top\" height=\"5\"><\/td>\n<\/tr>\n<tr>\n<td colspan=\"2\" valign=\"top\" bgcolor=\"#f4d4be\" height=\"5\"><strong class=\"subt\u00edtulo_capa\"><strong><span class=\"cursos_destaque1\"><img class=\"lazyload\" loading=\"lazy\" src=\"data:image\/svg+xml,%3Csvg%20xmlns%3D%27http%3A%2F%2Fwww.w3.org%2F2000%2Fsvg%27%20width%3D%2730%27%20height%3D%2735%27%20viewBox%3D%270%200%2030%2035%27%3E%3Crect%20width%3D%2730%27%20height%3D%2735%27%20fill-opacity%3D%220%22%2F%3E%3C%2Fsvg%3E\" data-orig-src=\"http:\/\/www.sedes.org.br\/Departamentos\/Psicanalise_crianca\/boletim\/boletim15_publico\/imagens\/transparente.gif\" alt=\"\" width=\"30\" height=\"35\" border=\"0\" \/><\/span><span class=\"sub_secoes\">NOSSAS ORIGENS<\/span><\/strong><\/strong><\/td>\n<\/tr>\n<tr>\n<td colspan=\"2\" align=\"right\" valign=\"top\" bgcolor=\"#f4d4be\" height=\"30\">\n<blockquote>\n<p class=\"subtexto\"><span class=\"t\u00edtulo\"><strong><span class=\"t\u00edtulo_Notas1\"><span class=\"t\u00edtulo_Notas_cinza\"><br \/>\n<\/span><\/span><\/strong><\/span><span class=\"t\u00edtulo_Notas_preto\">Mas, e partimos de onde?<\/span><\/p>\n<p class=\"subtexto\">Nos prim\u00f3rdios, havia o curso Psicodin\u00e2mica Infantil. A Psican\u00e1lise era somente mais uma de suas facetas &#8211; a neurologia, a psiquiatria e a ludoterapia ocupavam lugares importantes no programa de estudos. Como bons herdeiros freudianos, escutamos o passado com ouvidos sagazes e afiados, fazendo aten\u00e7\u00e3o aos nossos romances familiares, preocupando-nos (nem sempre) com as poss\u00edveis atualiza\u00e7\u00f5es das marcas e dos marcos que nos compuseram ao longo de d\u00e9cadas. Trazemos ent\u00e3o, uma linha do tempo arrumada em par\u00e1grafos, a partir das palavras de Mary Ono, professora e supervisora do curso Psican\u00e1lise com Crian\u00e7as. Este texto foi escrito \u00e0 \u00e9poca da constru\u00e7\u00e3o do nosso site (por volta de 2013), e o integra desde ent\u00e3o. L\u00e1 se v\u00e3o quase dez anos! E como temos nos falado nesta \u00faltima d\u00e9cada?<br \/>\n<strong><a href=\"http:\/\/www.sedes.org.br\/Departamentos\/Psicanalise_crianca\/boletim\/boletim15_publico\/nossas_origens.html\" target=\"_blank\" rel=\"noopener\"><img loading=\"lazy\" class=\"lazyload subtexto\" src=\"data:image\/svg+xml,%3Csvg%20xmlns%3D%27http%3A%2F%2Fwww.w3.org%2F2000%2Fsvg%27%20width%3D%2790%27%20height%3D%2727%27%20viewBox%3D%270%200%2090%2027%27%3E%3Crect%20width%3D%2790%27%20height%3D%2727%27%20fill-opacity%3D%220%22%2F%3E%3C%2Fsvg%3E\" data-orig-src=\"http:\/\/www.sedes.org.br\/Departamentos\/Psicanalise_crianca\/boletim\/boletim15_publico\/imagens\/leiamais.png\" alt=\"LEIA MAIS\" width=\"90\" height=\"27\" align=\"right\" \/><\/a><\/p>\n<p><\/strong><\/p>\n<\/blockquote>\n<\/td>\n<\/tr>\n<tr>\n<td colspan=\"2\" align=\"left\" valign=\"top\" height=\"3\"><\/td>\n<\/tr>\n<tr>\n<td class=\"sub_secoes\" colspan=\"2\" valign=\"middle\" bgcolor=\"#e0d3bf\" height=\"0\"><strong class=\"subt\u00edtulo_capa\"><strong><span class=\"cursos_destaque1\"><img class=\"lazyload\" loading=\"lazy\" src=\"data:image\/svg+xml,%3Csvg%20xmlns%3D%27http%3A%2F%2Fwww.w3.org%2F2000%2Fsvg%27%20width%3D%2730%27%20height%3D%2735%27%20viewBox%3D%270%200%2030%2035%27%3E%3Crect%20width%3D%2730%27%20height%3D%2735%27%20fill-opacity%3D%220%22%2F%3E%3C%2Fsvg%3E\" data-orig-src=\"http:\/\/www.sedes.org.br\/Departamentos\/Psicanalise_crianca\/boletim\/boletim15_publico\/imagens\/transparente.gif\" alt=\"\" width=\"30\" height=\"35\" border=\"0\" \/><\/span><\/strong><\/strong>GRUPOS DE TRABALHO E PESQUISA<\/td>\n<\/tr>\n<tr>\n<td colspan=\"2\" align=\"right\" valign=\"top\" bgcolor=\"#e0d3bf\" height=\"30\">\n<blockquote>\n<p class=\"subtexto\">Entendemos que o fazer psicanal\u00edtico compreende n\u00e3o somente a transmiss\u00e3o via cursos, mas tamb\u00e9m a produ\u00e7\u00e3o do estudo e da pesquisa entre os pares. Dessa forma, contamos com o Setor Cl\u00ednica e Pesquisa para cuidar dos grupos de trabalho do Departamento, proporcionando um espa\u00e7o de discuss\u00e3o, de pesquisa, e de problematiza\u00e7\u00e3o, enla\u00e7ando o estudo te\u00f3rico e a troca sobre a cl\u00ednica de psican\u00e1lise com crian\u00e7as. A aposta \u00e9 de que, nesse contexto, pode-se avan\u00e7ar na produ\u00e7\u00e3o de conhecimento, costurando novos caminhos de reflex\u00e3o e compartilhando-os com a comunidade.<\/p>\n<p class=\"subtexto\">Fazem parte atualmente do setor, tr\u00eas grupos de trabalho:\u00a0<a class=\"subtexto\" href=\"http:\/\/www.sedes.org.br\/Departamentos\/Psicanalise_crianca\/boletim\/boletim15_publico\/sustentar.html\"><strong>Sustentar<\/strong><\/a>,\u00a0<a href=\"http:\/\/www.sedes.org.br\/Departamentos\/Psicanalise_crianca\/boletim\/boletim15_publico\/perspectiva.html\"><strong>Perspectiva Relacional em Psican\u00e1lise<\/strong><\/a>\u00a0e\u00a0<strong><a href=\"http:\/\/www.sedes.org.br\/Departamentos\/Psicanalise_crianca\/boletim\/boletim15_publico\/gemelar.html\">Gemelar<\/a><\/strong>. Cada um deles foi formado a seu tempo e a seu modo, a partir do interesse de alunos e membros que queriam se aprofundar em um determinado tema e, assim, tra\u00e7ar um percurso de investiga\u00e7\u00e3o, dialogando com a cl\u00ednica. Cada grupo \u00e9 singular, tem suas especificidades e liberdade para se inventar e definir seus caminhos. Essa mesma singularidade foi mantida nos textos de apresenta\u00e7\u00e3o neste Boletim: cada um se apresentou do seu modo, priorizando as informa\u00e7\u00f5es que julgou pertinentes. Lembramos que os grupos est\u00e3o abertos \u00e0 entrada de novos integrantes, bem como o setor, que se p\u00f5e \u00e0 disposi\u00e7\u00e3o dos alunos, ex-alunos e membros do Departamento para acolher as propostas de trabalho e pesquisa sobre a crian\u00e7a e seus entornos.<br \/>\n<strong><\/p>\n<p><\/strong><\/p>\n<\/blockquote>\n<\/td>\n<\/tr>\n<tr>\n<td colspan=\"2\" align=\"left\" valign=\"top\" height=\"3\"><\/td>\n<\/tr>\n<tr>\n<td colspan=\"2\" align=\"left\" valign=\"middle\" bgcolor=\"#f2da9e\" height=\"25\">\n<p class=\"sub_secoes\"><strong><span class=\"cursos_destaque1\"><img class=\"lazyload\" loading=\"lazy\" src=\"data:image\/svg+xml,%3Csvg%20xmlns%3D%27http%3A%2F%2Fwww.w3.org%2F2000%2Fsvg%27%20width%3D%2730%27%20height%3D%2725%27%20viewBox%3D%270%200%2030%2025%27%3E%3Crect%20width%3D%2730%27%20height%3D%2725%27%20fill-opacity%3D%220%22%2F%3E%3C%2Fsvg%3E\" data-orig-src=\"http:\/\/www.sedes.org.br\/Departamentos\/Psicanalise_crianca\/boletim\/boletim15_publico\/imagens\/transparente.gif\" alt=\"\" width=\"30\" height=\"25\" border=\"0\" \/><\/span>PARA TORNAR-SE MEMBRO DO DEPARTAMENTO<\/strong><\/p>\n<\/td>\n<\/tr>\n<tr>\n<td colspan=\"2\" align=\"right\" valign=\"top\" bgcolor=\"#f2da9e\" height=\"30\">\n<blockquote>\n<p class=\"subtexto\"><span class=\"t\u00edtulo\"><strong><span class=\"t\u00edtulo_Notas1\"><span class=\"t\u00edtulo_Notas_cinza\"><br \/>\n<\/span><\/span><\/strong><\/span>Os membros do Departamento s\u00e3o vitais para a constru\u00e7\u00e3o do nosso projeto coletivo. Somente com o engajamento de cada um \u00e9 poss\u00edvel inventarmos e fomentarmos os diversos espa\u00e7os da nossa pequena comunidade, de modo a mant\u00ea-la viva e atuante, refletindo os interesses e as necessidades daqueles que a comp\u00f5em. Podem ser membros do Departamento: alunos e ex-alunos do curso de especializa\u00e7\u00e3o, professores dos cursos do Departamento, psicanalistas que trabalham com crian\u00e7as (devem ser indicados por dois membros efetivos do Departamento e ter\u00e3o seus curr\u00edculos analisados. Os detalhes desse processo se encontram no Regimento Interno do Departamento, anexado nesta edi\u00e7\u00e3o). Os alunos e ex-alunos necessitam apenas preencher o pedido de filia\u00e7\u00e3o, que se encontra dispon\u00edvel na secretaria do Instituto (<strong><a href=\"mailto:alunos@sedes.org.br\">alunos@sedes.org.br<\/a><\/strong>), e envi\u00e1-lo \u00e0 Coordena\u00e7\u00e3o Geral do Departamento, atrav\u00e9s do email:\u00a0<a href=\"mailto:psicanalisedacrianca.sedes@gmail.com\"><strong>psicanalisedacrianca.sedes@gmail.com<br \/>\n<\/strong><\/a>S\u00e3o duas as categorias de membros:<br \/>\n<strong>Membro associado:<\/strong>\u00a0alunos do curso de especializa\u00e7\u00e3o (enquanto est\u00e3o cursando); todos os demais que tenham recebido o aceite para tornarem-se membros, e que n\u00e3o estejam engajados em nenhuma atividade no Departamento, ou que a exer\u00e7a por menos de dois anos.<br \/>\n<strong>Membro efetivo:<\/strong>\u00a0todos aqueles filiados h\u00e1 mais de dois anos cont\u00ednuos e que exer\u00e7am trabalho comprovado no Departamento h\u00e1 mais de dois anos consecutivos. Direitos dos membros: Possibilidade de inser\u00e7\u00e3o nos setores; possibilidade de envio de trabalhos e notas para o Boletim; apresentar trabalhos na Jornada Interna do Departamento; desconto para as atividades promovidas pelo Departamento; somente os membros efetivos podem candidatar-se aos cargos de coordena\u00e7\u00e3o e ter direito a voto. Deveres dos membros: Todos os membros devem contribuir com a anuidade, exceto os alunos que s\u00e3o membros associados, durante o per\u00edodo em que est\u00e3o cursando o Psican\u00e1lise com Crian\u00e7as.<br \/>\n<strong><span><\/p>\n<p><\/span><\/strong><\/p>\n<\/blockquote>\n<\/td>\n<\/tr>\n<tr>\n<td colspan=\"2\" align=\"left\" valign=\"top\" height=\"2\"><\/td>\n<\/tr>\n<tr>\n<td colspan=\"2\" valign=\"top\" bgcolor=\"#eef186\" height=\"30\"><span class=\"sub_secoes\"><strong><span class=\"cursos_destaque1\"><img class=\"lazyload\" loading=\"lazy\" src=\"data:image\/svg+xml,%3Csvg%20xmlns%3D%27http%3A%2F%2Fwww.w3.org%2F2000%2Fsvg%27%20width%3D%2730%27%20height%3D%2740%27%20viewBox%3D%270%200%2030%2040%27%3E%3Crect%20width%3D%2730%27%20height%3D%2740%27%20fill-opacity%3D%220%22%2F%3E%3C%2Fsvg%3E\" data-orig-src=\"http:\/\/www.sedes.org.br\/Departamentos\/Psicanalise_crianca\/boletim\/boletim15_publico\/imagens\/transparente.gif\" alt=\"\" width=\"30\" height=\"40\" border=\"0\" \/><\/span><\/strong>AJUDE A DIVULGAR NOSSOS CURSOS<\/span><\/td>\n<\/tr>\n<tr>\n<td colspan=\"2\" valign=\"top\" bgcolor=\"#eef186\" height=\"5\">\n<blockquote><p><a href=\"http:\/\/www.sedes.org.br\/Departamentos\/Psicanalise_crianca\/sedes_cursos2022\"><img class=\"lazyload\" loading=\"lazy\" src=\"data:image\/svg+xml,%3Csvg%20xmlns%3D%27http%3A%2F%2Fwww.w3.org%2F2000%2Fsvg%27%20width%3D%27730%27%20height%3D%27399%27%20viewBox%3D%270%200%20730%20399%27%3E%3Crect%20width%3D%27730%27%20height%3D%27399%27%20fill-opacity%3D%220%22%2F%3E%3C%2Fsvg%3E\" data-orig-src=\"http:\/\/www.sedes.org.br\/Departamentos\/Psicanalise_crianca\/boletim\/boletim15_publico\/imagens\/Cursos2022.png\" alt=\"\" width=\"730\" height=\"399\" \/><\/a><\/p><\/blockquote>\n<\/td>\n<\/tr>\n<\/tbody>\n<\/table>\n<\/td>\n<td width=\"5\"><\/td>\n<\/tr>\n<tr>\n<td height=\"10\"><\/td>\n<td align=\"left\" valign=\"top\" width=\"1\"><\/td>\n<td align=\"left\" valign=\"top\"><\/td>\n<td align=\"left\" valign=\"top\"><\/td>\n<\/tr>\n<\/tbody>\n<\/table>\n<\/td>\n<\/tr>\n<\/tbody>\n<\/table>\n<\/td>\n<\/tr>\n<\/tbody>\n<\/table>\n<\/td>\n<td><img class=\"lazyload\" loading=\"lazy\" src=\"data:image\/svg+xml,%3Csvg%20xmlns%3D%27http%3A%2F%2Fwww.w3.org%2F2000%2Fsvg%27%20width%3D%2750%27%20height%3D%2711%27%20viewBox%3D%270%200%2050%2011%27%3E%3Crect%20width%3D%2750%27%20height%3D%2711%27%20fill-opacity%3D%220%22%2F%3E%3C%2Fsvg%3E\" data-orig-src=\"http:\/\/www.sedes.org.br\/Departamentos\/Psicanalise_crianca\/boletim\/boletim15_publico\/imagens\/transparente.gif\" alt=\"\" width=\"50\" height=\"11\" \/><\/td>\n<\/tr>\n<tr>\n<td colspan=\"6\" align=\"center\" height=\"16\"><img class=\"lazyload\" loading=\"lazy\" src=\"data:image\/svg+xml,%3Csvg%20xmlns%3D%27http%3A%2F%2Fwww.w3.org%2F2000%2Fsvg%27%20width%3D%27950%27%20height%3D%277%27%20viewBox%3D%270%200%20950%207%27%3E%3Crect%20width%3D%27950%27%20height%3D%277%27%20fill-opacity%3D%220%22%2F%3E%3C%2Fsvg%3E\" data-orig-src=\"http:\/\/www.sedes.org.br\/Departamentos\/Psicanalise_crianca\/boletim\/boletim15_publico\/imagens\/PROMO-GREEN2_07.jpg\" alt=\"\" width=\"950\" height=\"7\" border=\"0\" \/><\/td>\n<\/tr>\n<tr>\n<td colspan=\"6\"><\/td>\n<\/tr>\n<tr>\n<td colspan=\"6\">\n<table border=\"0\" width=\"100%\" cellspacing=\"0\" cellpadding=\"0\">\n<tbody>\n<tr>\n<td align=\"center\" valign=\"middle\" width=\"17%\"><\/td>\n<td align=\"center\" width=\"25%\"><span><a href=\"http:\/\/www.sedes.org.br\/Departamentos\/Psicanalise_da_crianca\/\"><strong>SITE DO DEPARTAMENTO<\/strong><\/a><\/span><\/td>\n<td align=\"center\" width=\"3%\"><span><strong>|<\/strong><\/span><\/td>\n<td align=\"center\" width=\"13%\"><span><a href=\"http:\/\/www.sedes.org.br\/Departamentos\/Psicanalise_crianca\/boletim\/boletim15_publico\/sobre.html\" target=\"_blank\" rel=\"noopener\"><strong>SOBRE<\/strong><\/a><\/span><\/td>\n<td align=\"center\" width=\"3%\"><span><strong>|<\/strong><\/span><\/td>\n<td align=\"center\" width=\"14%\"><span><strong>REDES SOCIAIS<\/strong><\/span><\/td>\n<td align=\"right\" width=\"4%\"><a href=\"https:\/\/www.facebook.com\/DepartamentoDePsicanaliseDaCrianca\" target=\"_blank\" rel=\"noopener\"><img class=\"lazyload\" loading=\"lazy\" src=\"data:image\/svg+xml,%3Csvg%20xmlns%3D%27http%3A%2F%2Fwww.w3.org%2F2000%2Fsvg%27%20width%3D%2721%27%20height%3D%2719%27%20viewBox%3D%270%200%2021%2019%27%3E%3Crect%20width%3D%2721%27%20height%3D%2719%27%20fill-opacity%3D%220%22%2F%3E%3C%2Fsvg%3E\" data-orig-src=\"http:\/\/www.sedes.org.br\/Departamentos\/Psicanalise_crianca\/boletim\/boletim15_publico\/imagens\/PROMO-GREEN2_09_01.jpg\" alt=\"facebook\" width=\"21\" height=\"19\" border=\"0\" \/><\/a><\/td>\n<td align=\"center\" width=\"6%\"><a href=\"https:\/\/www.instagram.com\/sedespsicanalisecomcriancas\/\" target=\"_blank\" rel=\"noopener\"><img class=\"lazyload\" loading=\"lazy\" src=\"data:image\/svg+xml,%3Csvg%20xmlns%3D%27http%3A%2F%2Fwww.w3.org%2F2000%2Fsvg%27%20width%3D%2721%27%20height%3D%2719%27%20viewBox%3D%270%200%2021%2019%27%3E%3Crect%20width%3D%2721%27%20height%3D%2719%27%20fill-opacity%3D%220%22%2F%3E%3C%2Fsvg%3E\" data-orig-src=\"http:\/\/www.sedes.org.br\/Departamentos\/Psicanalise_crianca\/boletim\/boletim15_publico\/imagens\/Instagram.png\" alt=\"Instagram\" width=\"21\" height=\"19\" border=\"0\" \/><\/a><\/td>\n<td align=\"center\" width=\"15%\"><\/td>\n<\/tr>\n<\/tbody>\n<\/table>\n<\/td>\n<\/tr>\n<tr>\n<td colspan=\"6\" align=\"center\" height=\"17\"><img class=\"lazyload\" loading=\"lazy\" src=\"data:image\/svg+xml,%3Csvg%20xmlns%3D%27http%3A%2F%2Fwww.w3.org%2F2000%2Fsvg%27%20width%3D%27950%27%20height%3D%277%27%20viewBox%3D%270%200%20950%207%27%3E%3Crect%20width%3D%27950%27%20height%3D%277%27%20fill-opacity%3D%220%22%2F%3E%3C%2Fsvg%3E\" data-orig-src=\"http:\/\/www.sedes.org.br\/Departamentos\/Psicanalise_crianca\/boletim\/boletim15_publico\/imagens\/PROMO-GREEN2_07.jpg\" alt=\"\" width=\"950\" height=\"7\" border=\"0\" \/><\/td>\n<\/tr>\n<tr>\n<td colspan=\"2\" align=\"left\" valign=\"top\"><\/td>\n<td align=\"center\" valign=\"middle\" width=\"67\"><a href=\"http:\/\/www.sedes.org.br\/\" target=\"_blank\" rel=\"noopener\"><img class=\"lazyload\" loading=\"lazy\" src=\"data:image\/svg+xml,%3Csvg%20xmlns%3D%27http%3A%2F%2Fwww.w3.org%2F2000%2Fsvg%27%20width%3D%2759%27%20height%3D%2790%27%20viewBox%3D%270%200%2059%2090%27%3E%3Crect%20width%3D%2759%27%20height%3D%2790%27%20fill-opacity%3D%220%22%2F%3E%3C%2Fsvg%3E\" data-orig-src=\"http:\/\/www.sedes.org.br\/Departamentos\/Psicanalise_crianca\/boletim\/boletim15_publico\/imagens\/logo_sedes2.jpg\" width=\"59\" height=\"90\" align=\"middle\" border=\"0\" \/><\/a><\/td>\n<td align=\"left\" valign=\"middle\" width=\"754\"><span class=\"cursos_destaque\"><strong>Departamento Psican\u00e1lise com Crian\u00e7as | Instituto Sedes Sapientiae<br \/>\n<\/strong>Rua Ministro Godoi, 1484, Perdizes, S\u00e3o Paulo fone: (11) 3866-2730<br \/>\nE-mail:\u00a0<a href=\"mailto:%20psicanalisedacrianca.sedes@gmail.com\">psicanalisedacrianca.sedes@gmail.com<\/a><\/span><\/td>\n<\/tr>\n<tr>\n<td colspan=\"2\" align=\"left\" valign=\"top\"><\/td>\n<td align=\"center\" valign=\"middle\"><\/td>\n<td align=\"left\" valign=\"middle\"><\/td>\n<\/tr>\n<tr>\n<td colspan=\"6\"><\/td>\n<\/tr>\n<\/tbody>\n<\/table>\n<\/td>\n<\/tr>\n<\/tbody>\n<\/table>\n","protected":false},"excerpt":{"rendered":"<p>INFORMATIVO ONLINE SOBRE AS ATIVIDADES DO DEPARTAMENTO PSICAN\u00c1LISE COM CRIAN\u00c7AS<\/p>\n","protected":false},"author":1,"featured_media":0,"comment_status":"closed","ping_status":"closed","sticky":false,"template":"","format":"standard","meta":{"content-type":""},"categories":[81],"tags":[],"_links":{"self":[{"href":"https:\/\/sedes.org.br\/Departamentos\/Psicanalise_da_crianca\/index.php?rest_route=\/wp\/v2\/posts\/3378"}],"collection":[{"href":"https:\/\/sedes.org.br\/Departamentos\/Psicanalise_da_crianca\/index.php?rest_route=\/wp\/v2\/posts"}],"about":[{"href":"https:\/\/sedes.org.br\/Departamentos\/Psicanalise_da_crianca\/index.php?rest_route=\/wp\/v2\/types\/post"}],"author":[{"embeddable":true,"href":"https:\/\/sedes.org.br\/Departamentos\/Psicanalise_da_crianca\/index.php?rest_route=\/wp\/v2\/users\/1"}],"replies":[{"embeddable":true,"href":"https:\/\/sedes.org.br\/Departamentos\/Psicanalise_da_crianca\/index.php?rest_route=%2Fwp%2Fv2%2Fcomments&post=3378"}],"version-history":[{"count":1,"href":"https:\/\/sedes.org.br\/Departamentos\/Psicanalise_da_crianca\/index.php?rest_route=\/wp\/v2\/posts\/3378\/revisions"}],"predecessor-version":[{"id":3379,"href":"https:\/\/sedes.org.br\/Departamentos\/Psicanalise_da_crianca\/index.php?rest_route=\/wp\/v2\/posts\/3378\/revisions\/3379"}],"wp:attachment":[{"href":"https:\/\/sedes.org.br\/Departamentos\/Psicanalise_da_crianca\/index.php?rest_route=%2Fwp%2Fv2%2Fmedia&parent=3378"}],"wp:term":[{"taxonomy":"category","embeddable":true,"href":"https:\/\/sedes.org.br\/Departamentos\/Psicanalise_da_crianca\/index.php?rest_route=%2Fwp%2Fv2%2Fcategories&post=3378"},{"taxonomy":"post_tag","embeddable":true,"href":"https:\/\/sedes.org.br\/Departamentos\/Psicanalise_da_crianca\/index.php?rest_route=%2Fwp%2Fv2%2Ftags&post=3378"}],"curies":[{"name":"wp","href":"https:\/\/api.w.org\/{rel}","templated":true}]}}