{"id":629,"date":"2012-11-17T17:32:57","date_gmt":"2012-11-17T17:32:57","guid":{"rendered":"http:\/\/sedes.mopen.com.br\/Departamentos\/Psicanalise_da_crianca\/?p=629"},"modified":"2023-06-23T11:14:25","modified_gmt":"2023-06-23T14:14:25","slug":"membros","status":"publish","type":"post","link":"https:\/\/sedes.org.br\/Departamentos\/Psicanalise_da_crianca\/?p=629","title":{"rendered":"apresenta\u00e7\u00e3o"},"content":{"rendered":"<h2>PARA TORNAR-SE MEMBRO DO DEPARTAMENTO<\/h2>\n<p>Os membros do Departamento s\u00e3o vitais para a constru\u00e7\u00e3o do nosso projeto coletivo. Somente com o engajamento de cada um \u00e9 poss\u00edvel inventarmos e fomentarmos os diversos espa\u00e7os da nossa pequena comunidade, de modo a mant\u00ea-la viva e atuante, refletindo os interesses e as necessidades daqueles que a comp\u00f5em.<\/p>\n<p>Podem ser membros do Departamento: alunos e ex-alunos do curso de especializa\u00e7\u00e3o, professores dos cursos do Departamento, psicanalistas que trabalham com crian\u00e7as (devem ser indicados por dois membros efetivos do Departamento e ter\u00e3o seus curr\u00edculos analisados. Os detalhes desse processo se encontram no <a href=\"https:\/\/sedes.org.br\/Departamentos\/Psicanalise_da_crianca\/?p=2636\" target=\"_blank\" rel=\"noopener\">Regimento Interno do Departamento<\/a>.<\/p>\n<p>Os alunos e ex-alunos necessitam apenas preencher o pedido de filia\u00e7\u00e3o, que se encontra dispon\u00edvel na secretaria do Instituto (<a href=\"mailto:alunos@sedes.org.br\" target=\"_blank\" rel=\"noopener\">alunos@sedes.org.br<\/a>), e envi\u00e1-lo \u00e0 Coordena\u00e7\u00e3o Geral do Departamento, atrav\u00e9s do email: <a href=\"mailto:psicanalisedacrianca.sedes@gmail.com\" target=\"_blank\" rel=\"noopener\">psicanalisedacrianca.sedes@gmail.com<\/a><\/p>\n<p>&nbsp;<\/p>\n<p><strong>S\u00e3o duas as categorias de membros:<\/strong><\/p>\n<p><strong>Membro associado:<\/strong> alunos do curso de especializa\u00e7\u00e3o (enquanto est\u00e3o cursando); todos os demais que tenham recebido o aceite para tornarem-se membros, e que n\u00e3o estejam engajados em nenhuma atividade no Departamento, ou que a exer\u00e7a por menos de dois anos.<\/p>\n<p><strong>Membro efetivo:<\/strong> todos aqueles filiados h\u00e1 mais de dois anos cont\u00ednuos e que exer\u00e7am trabalho comprovado no Departamento h\u00e1 mais de dois anos consecutivos.<br \/>\n<em>Direitos dos membros:<\/em> Possibilidade de inser\u00e7\u00e3o nos setores; possibilidade de envio de trabalhos e notas para o Boletim; apresentar trabalhos na Jornada Interna do Departamento; desconto para as atividades promovidas pelo Departamento; somente os membros efetivos podem candidatar-se aos cargos de coordena\u00e7\u00e3o e ter direito a voto.<br \/>\n<em>Deveres dos membros:<\/em> Todos os membros devem contribuir com a anuidade, exceto os alunos que s\u00e3o membros associados, durante o per\u00edodo em que est\u00e3o cursando o Psican\u00e1lise com Crian\u00e7as.<\/p>\n","protected":false},"excerpt":{"rendered":"<p>PARA TORNAR-SE MEMBRO DO DEPARTAMENTO Os membros do Departamento s\u00e3o<\/p>\n","protected":false},"author":1,"featured_media":0,"comment_status":"closed","ping_status":"closed","sticky":false,"template":"","format":"standard","meta":{"content-type":""},"categories":[64],"tags":[],"_links":{"self":[{"href":"https:\/\/sedes.org.br\/Departamentos\/Psicanalise_da_crianca\/index.php?rest_route=\/wp\/v2\/posts\/629"}],"collection":[{"href":"https:\/\/sedes.org.br\/Departamentos\/Psicanalise_da_crianca\/index.php?rest_route=\/wp\/v2\/posts"}],"about":[{"href":"https:\/\/sedes.org.br\/Departamentos\/Psicanalise_da_crianca\/index.php?rest_route=\/wp\/v2\/types\/post"}],"author":[{"embeddable":true,"href":"https:\/\/sedes.org.br\/Departamentos\/Psicanalise_da_crianca\/index.php?rest_route=\/wp\/v2\/users\/1"}],"replies":[{"embeddable":true,"href":"https:\/\/sedes.org.br\/Departamentos\/Psicanalise_da_crianca\/index.php?rest_route=%2Fwp%2Fv2%2Fcomments&post=629"}],"version-history":[{"count":12,"href":"https:\/\/sedes.org.br\/Departamentos\/Psicanalise_da_crianca\/index.php?rest_route=\/wp\/v2\/posts\/629\/revisions"}],"predecessor-version":[{"id":3454,"href":"https:\/\/sedes.org.br\/Departamentos\/Psicanalise_da_crianca\/index.php?rest_route=\/wp\/v2\/posts\/629\/revisions\/3454"}],"wp:attachment":[{"href":"https:\/\/sedes.org.br\/Departamentos\/Psicanalise_da_crianca\/index.php?rest_route=%2Fwp%2Fv2%2Fmedia&parent=629"}],"wp:term":[{"taxonomy":"category","embeddable":true,"href":"https:\/\/sedes.org.br\/Departamentos\/Psicanalise_da_crianca\/index.php?rest_route=%2Fwp%2Fv2%2Fcategories&post=629"},{"taxonomy":"post_tag","embeddable":true,"href":"https:\/\/sedes.org.br\/Departamentos\/Psicanalise_da_crianca\/index.php?rest_route=%2Fwp%2Fv2%2Ftags&post=629"}],"curies":[{"name":"wp","href":"https:\/\/api.w.org\/{rel}","templated":true}]}}