{"id":639,"date":"2012-11-17T17:40:40","date_gmt":"2012-11-17T20:40:40","guid":{"rendered":"http:\/\/sedes.mopen.com.br\/Departamentos\/Psicanalise_da_crianca\/?p=639"},"modified":"2025-11-26T17:10:40","modified_gmt":"2025-11-26T20:10:40","slug":"cursos-de-aperfeicoamento-e-extensao","status":"publish","type":"post","link":"https:\/\/sedes.org.br\/Departamentos\/Psicanalise_da_crianca\/?p=639","title":{"rendered":"cursos de expans\u00e3o"},"content":{"rendered":"<h3>A Crian\u00e7a e a Palavra: A Linguagem na Cl\u00ednica Interdisciplinar<\/h3>\n<p>formato online<\/p>\n<p><strong>Objetivo<br \/>\n<\/strong>O curso ocorrer\u00e1 em plataforma online<br \/>\nDiscutir as quest\u00f5es de fala e linguagem nas crian\u00e7as a partir da cl\u00ednica interdisciplinar.<br \/>\nApresentar diferentes perspectivas sobre a linguagem: psican\u00e1lise, foniatria, neurologia , fonoaudiologia e terapia ocupacional. Refletir sobre os impactos dos diagn\u00f3sticos na inf\u00e2ncia a partir da discuss\u00e3o de casos atendidos na abordagem de uma equipe interdisciplinar.<\/p>\n<p><strong>Corpo Docente<br \/>\n<\/strong>Adela Stoppel de Gueller, Ana Cl\u00e9lia de Oliveira Rocha, Lara de Paula Eduardo, Julieta Jerusalinsky, Marta Gon\u00e7alves Gimenez Baptista, Mariana Lopes F\u00e1vero e Vera Helena Cury.<\/p>\n<p><strong>Conte\u00fado Program\u00e1tico<\/strong><\/p>\n<ol>\n<li>A cl\u00ednica das quest\u00f5es de linguagem na crian\u00e7a: abordagem interdisciplinar.<\/li>\n<li>A linguagem: perspectiva neurol\u00f3gica.<\/li>\n<li>Uma hist\u00f3ria das teorias da aquisi\u00e7\u00e3o de linguagem.<\/li>\n<li>Do balbucio \u00e0 fala articulada: l\u00edngua materna e linguagem compartilhada.<\/li>\n<li>O brincar: laborat\u00f3rio da met\u00e1fora.<\/li>\n<li>O sil\u00eancio e o tempo: impactos do diagn\u00f3stico na inf\u00e2ncia.<\/li>\n<li>Muitas l\u00ednguas para uma crian\u00e7a.<\/li>\n<li>A linguagem: perspectiva foni\u00e1trica.<\/li>\n<li>A desarticula\u00e7\u00e3o na\/da fala: quando a fala n\u00e3o flui.<\/li>\n<li>A constitui\u00e7\u00e3o subjetiva em tempos de telas e eletr\u00f4nicos.<\/li>\n<li>A abordagem da terapia ocupacional das quest\u00f5es motoras: corpo e linguagem.<\/li>\n<li>A linguagem n\u00f3s g\u00eameos: criptofasia e atrasos de fala.<\/li>\n<\/ol>\n<p><strong>Estrat\u00e9gias:<\/strong><br \/>\nAulas expositivas com fonoaudi\u00f3logos, m\u00e9dico foniatra, neurologista, psicanalistas, terapeuta ocupacional e discuss\u00f5es de casos cl\u00ednicos.<\/p>\n<p><strong>Destinado a:<\/strong><br \/>\nPsicanalistas, m\u00e9dicos, fonoaudi\u00f3logos, enfermeiros e trabalhadores da \u00e1rea de sa\u00fade mental infantil, terapeutas ocupacionais, educadores, psicopedagogos.<\/p>\n<p><strong>Dura\u00e7\u00e3o<\/strong><br \/>\n22\/08\/2025 a 14\/11\/2025.<\/p>\n<p><strong>Hor\u00e1rio<\/strong><br \/>\nSextas-feiras, das 15h30 \u00e0s 17h30. (N\u00e3o haver\u00e1 no dia: 03\/10\/2025)<\/p>\n<p><strong>Informa\u00e7\u00f5es para inscri\u00e7\u00f5es<\/strong><br \/>\nO curso ser\u00e1 no formato online, ministrados ao vivo (de forma remota) com a participa\u00e7\u00e3o do professor e alunos via internet (Google Meet preferencialmente e outras plataformas). Todas as aulas, d\u00favidas e debates ser\u00e3o realizados rigorosamente nos dias e hor\u00e1rios indicados de acordo com a carga hor\u00e1ria do curso. Para participar o aluno dever\u00e1 ter obrigatoriamente conex\u00e3o de internet banda larga e as aulas ser\u00e3o acess\u00edveis via computador (com c\u00e2mera e microfone)\/ e ou smartphone.<\/p>\n<p><strong>Carga-hor\u00e1ria<\/strong>:24 horas<br \/>\n<strong>N\u00ba vagas<\/strong>: 30 (trinta).<br \/>\n<strong>Matr\u00edcula at\u00e9<\/strong>: 20 de agosto de 2025.<br \/>\n<strong>INVESTIMENTO<\/strong>:<br \/>\n&#8211; Via Internet: R$ 936,00 no cart\u00f5es de cr\u00e9dito (conforme pol\u00edtica da operadora); cart\u00e3o de d\u00e9bito (\u00e0 vista).<\/p>\n<p><a href=\"https:\/\/sedes.org.br\/site\/cursos-sedes\/codigo-8559\/\" target=\"_blank\" rel=\"noopener\">Documentos necess\u00e1rios e outras informa\u00e7\u00f5es para inscri\u00e7\u00e3o, clique aqui&#8230;<\/a><\/p>\n<p>&nbsp;<\/p>\n<hr style=\"border-bottom: 1px solid #ccc; margin-bottom: 100px;\" \/>\n<h3>Sentir com os Beb\u00eas: Contin\u00eancia e Olhar Psicanal\u00edtico na Forma\u00e7\u00e3o Profissional<\/h3>\n<p>formato online<\/p>\n<p><strong>Objetivo<\/strong><br \/>\nO curso ocorrer\u00e1 em plataforma online<br \/>\nRefletir sobre situa\u00e7\u00f5es de trabalho em contextos de sa\u00fade e educa\u00e7\u00e3o a partir da Observa\u00e7\u00e3o Psicanal\u00edtica.<br \/>\nApresentar aportes te\u00f3ricos de alguns autores cl\u00e1ssicos, como subs\u00eddios aos trabalhos nas diferentes \u00e1reas de sa\u00fade e educa\u00e7\u00e3o.<\/p>\n<p><strong>Corpo Docente<\/strong><br \/>\nDenise de Sousa Feliciano &#8211; coordenadora e Tereza Marques de Oliveira.<\/p>\n<p><strong>Conte\u00fado Program\u00e1tico<\/strong><\/p>\n<ol>\n<li>Aspectos primitivos da mente\/ arcaicos, como refer\u00eancia de base para os v\u00ednculos emocionais.<\/li>\n<li>Contin\u00eancia ps\u00edquica nos diversos settings de trabalho.<\/li>\n<li>A constitui\u00e7\u00e3o da mente e desenvolvimento simb\u00f3lico a partir dos principais autores psicanalistas: Freud, Klein, Winnicott, Bion, Bick.<\/li>\n<li>Introdu\u00e7\u00e3o ao M\u00e9todo Bick de Observa\u00e7\u00e3o de Beb\u00eas.<\/li>\n<\/ol>\n<p><strong>Estrat\u00e9gias:<\/strong><br \/>\nSemin\u00e1rios te\u00f3rico-cl\u00ednicos com discuss\u00e3o de textos previamente indicados, ilustrados com a experi\u00eancia das professoras e alunos em suas \u00e1reas de atua\u00e7\u00e3o.<\/p>\n<p><strong>Destinado a:<\/strong><br \/>\nProfissionais de todas as \u00e1reas de sa\u00fade e educa\u00e7\u00e3o que atuem nas pr\u00e1ticas com beb\u00eas, crian\u00e7as, adolescentes e adultos.<\/p>\n<p><strong>Dura\u00e7\u00e3o<\/strong><br \/>\n28\/08\/2025 a 18\/12\/2025.<\/p>\n<p><strong>Hor\u00e1rio<\/strong><br \/>\nQuintas-feiras, das 12h15 \u00e0s 13h45.<\/p>\n<p><strong>Informa\u00e7\u00f5es para inscri\u00e7\u00f5es<\/strong><br \/>\nO curso ser\u00e1 no formato online, ministrados ao vivo (de forma remota) com a participa\u00e7\u00e3o do professor e alunos via internet (Google Meet preferencialmente e outras plataformas). Todas as aulas, d\u00favidas e debates ser\u00e3o realizados rigorosamente nos dias e hor\u00e1rios indicados de acordo com a carga hor\u00e1ria do curso. Para participar o aluno dever\u00e1 ter obrigatoriamente conex\u00e3o de internet banda larga e as aulas ser\u00e3o acess\u00edveis via computador (com c\u00e2mera e microfone)\/ e ou smartphone.<\/p>\n<p><strong>Carga-hor\u00e1ria<\/strong>: 24 horas.<br \/>\n<strong>N\u00ba vagas<\/strong>: 25 (vinte e cinco).<br \/>\n<strong>Matr\u00edcula prorrogada at\u00e9<\/strong>: 26 de agosto de 2025.<br \/>\n<strong>INVESTIMENTO<\/strong>:<br \/>\n&#8211; Via Internet: R$ 936,00 no cart\u00f5es de cr\u00e9dito (conforme pol\u00edtica da operadora); cart\u00e3o de d\u00e9bito (\u00e0 vista).<\/p>\n<p><a href=\"https:\/\/sedes.org.br\/site\/cursos-sedes\/codigo-9368\/\" target=\"_blank\" rel=\"noopener\">Documentos necess\u00e1rios e outras informa\u00e7\u00f5es para inscri\u00e7\u00e3o, clique aqui&#8230;<\/a><\/p>\n<p>&nbsp;<\/p>\n<hr style=\"border-bottom: 1px solid #ccc; margin-bottom: 100px;\" \/>\n<h3>Cl\u00ednica Psicanal\u00edtica com Crian\u00e7as: A Configura\u00e7\u00e3o de um Campo<\/h3>\n<p>formato online<\/p>\n<p><strong>Objetivo<br \/>\n<\/strong>O curso ocorrer\u00e1 em plataforma online<br \/>\nIntroduzir o campo da psican\u00e1lise com crian\u00e7as a partir dos principais conceitos formulados pela teoria freudiana.<br \/>\nApresentar o percurso de alguns autores p\u00f3s-freudianos, especialmente aqueles que se dedicaram ao trabalho com crian\u00e7as.<br \/>\nDiscutir a implica\u00e7\u00e3o e articula\u00e7\u00e3o de teoria e cl\u00ednica.<\/p>\n<p><strong>Corpo Docente<\/strong><br \/>\nAlessandra C. L. Barbieri &#8211; coordenadora (psic\u00f3loga pela PUC-SP, psicanalista, professora e supervisora do curso Psican\u00e1lise com Crian\u00e7as, do Departamento Psican\u00e1lise com Crian\u00e7as do Instituto Sedes Sapientiae).<\/p>\n<p>Marilia Velano (Psic\u00f3loga, psicanalista, professora e supervisora do curso de especializa\u00e7\u00e3o Psican\u00e1lise com Crian\u00e7as, do Depto Psican\u00e1lise com Crian\u00e7as, do Instituto Sedes Sapientiae, doutora em Psicologia pelo IPUSP).<\/p>\n<p>Fernanda Ferrari Arantes (Psic\u00f3loga, psicanalista, professora do curso de especializa\u00e7\u00e3o Psican\u00e1lise com Crian\u00e7as, do Depto Psican\u00e1lise com Crian\u00e7as, do Instituto Sedes Sapientiae, mestre em psicologia escolar e do Desenvolvimento Humano (IPUSP), doutora em Educa\u00e7\u00e3o pela FEUSP). e Professores Convidados.<\/p>\n<p><strong>Conte\u00fado Program\u00e1tico<\/strong><\/p>\n<ol>\n<li>O Aparelho Ps\u00edquico Freudiano: \u2013 inconsciente \u2013 conflito \u2013 sintoma.<\/li>\n<li>Do Infantil na Psican\u00e1lise \u00e0 Psican\u00e1lise com Crian\u00e7as: \u2013 o infantil na Psican\u00e1lise \u2013 a psican\u00e1lise com crian\u00e7as e o infantil.<\/li>\n<li>As Especificidades do trabalho com crian\u00e7as: \u2013 o brincar e a escuta psicanal\u00edtica da crian\u00e7a \u2013 a transfer\u00eancia e o infantil \u2013 o lugar dos pais na psican\u00e1lise com crian\u00e7as.<\/li>\n<\/ol>\n<p><strong>Estrat\u00e9gias:<\/strong><br \/>\nAulas expositivas baseadas em leituras pr\u00e9vias de textos indicados.<\/p>\n<p><strong>Destinado a:<\/strong><br \/>\nPsic\u00f3logos, estudantes de 5\u00ba ano de Psicologia e profissionais afins interessados em expandir seus conhecimentos atrav\u00e9s da dimens\u00e3o do olhar psicanal\u00edtico.<\/p>\n<p><strong>Dura\u00e7\u00e3o<\/strong><br \/>\n20\/08\/2025 a 26\/11\/2025.<\/p>\n<p><strong>Hor\u00e1rio<\/strong><br \/>\nQuartas-feiras, das 18h30 \u00e0s 20h30.<\/p>\n<p><strong>Informa\u00e7\u00f5es para inscri\u00e7\u00f5es<\/strong><br \/>\nO curso ser\u00e1 no formato online, ministrados ao vivo (de forma remota) com a participa\u00e7\u00e3o do professor e alunos via internet (Google Meet preferencialmente e outras plataformas). Todas as aulas, d\u00favidas e debates ser\u00e3o realizados rigorosamente nos dias e hor\u00e1rios indicados de acordo com a carga hor\u00e1ria do curso. Para participar o aluno dever\u00e1 ter obrigatoriamente conex\u00e3o de internet banda larga e as aulas ser\u00e3o acess\u00edveis via computador (com c\u00e2mera e microfone)\/ e ou smartphone.<\/p>\n<p><strong>Carga-hor\u00e1ria<\/strong>: 30 horas.<br \/>\n<strong>N\u00ba vagas<\/strong>: 25 (vinte e cinco).<br \/>\n<strong>Matr\u00edcula at\u00e9<\/strong>: 18 de agosto de 2025.<\/p>\n<p><strong>INVESTIMENTO<\/strong>:<br \/>\n&#8211; Via Internet: R$ 1.170,00 no cart\u00f5es de cr\u00e9dito (conforme pol\u00edtica da operadora); cart\u00e3o de d\u00e9bito (\u00e0 vista).<\/p>\n<p><a href=\"https:\/\/sedes.org.br\/site\/cursos-sedes\/codigo-4862\/\" target=\"_blank\" rel=\"noopener\">Documentos necess\u00e1rios e outras informa\u00e7\u00f5es para inscri\u00e7\u00e3o, clique aqui&#8230;<\/a><\/p>\n<p>&nbsp;<\/p>\n<hr style=\"border-bottom: 1px solid #ccc; margin-bottom: 100px;\" \/>\n<h3>Leituras Psicanal\u00edticas do Brincar<\/h3>\n<p><strong>Coordena\u00e7\u00e3o<\/strong><br \/>\nAlessandra Cassia Leite Barbieri<\/p>\n<p><strong>Objetivo<\/strong><br \/>\nApresentar e refletir sobre as contribui\u00e7\u00f5es mais importantes da psican\u00e1lise sobre o brincar.<\/p>\n<p><strong>Corpo Docente<\/strong><br \/>\nAlessandra Cassia Leite Barbieri, Clarissa Martins, Fernanda Arantes, Julia Eid.<\/p>\n<p><strong>Conte\u00fado Program\u00e1tico<\/strong><br \/>\nNatureza e fun\u00e7\u00f5es do brincar: aspectos hist\u00f3ricos e culturais;<br \/>\n\u2013 As leituras psicanal\u00edticas: <strong>Freud<\/strong> e as primeiras formula\u00e7\u00f5es sobre o brincar; o espa\u00e7o ps\u00edquico do brincar, segundo <strong>Melanie Klein<\/strong>; <strong>Winnicott<\/strong> e o brincar na transicionalidade; o brincar e o significante, de <strong>Lacan<\/strong> a <strong>Dolto<\/strong>;<br \/>\n&#8211; O brincar dos beb\u00eas \u2013 prim\u00f3rdios da simboliza\u00e7\u00e3o;<br \/>\n&#8211; O brincar na escola;<br \/>\n&#8211; O brincar e a virtualidade.<\/p>\n<p><strong>Destinado a<\/strong><br \/>\nPsic\u00f3logos, m\u00e9dicos, psicopedagogos, fonoaudi\u00f3logos, pedagogos, psicomotricistas, musicoterapeutas, terapeutas ocupacionais.<\/p>\n<p><strong>Dura\u00e7\u00e3o<\/strong><br \/>\nUm semestre.<\/p>\n<p><strong>Carga-hor\u00e1ria<\/strong><br \/>\n30 horas.<\/p>\n<p><strong>Hor\u00e1rio<\/strong><br \/>\nQuartas-feiras, das 18h15 \u00e0s 20h15.<\/p>\n<p>Para realizar sua inscri\u00e7\u00e3o, acesse: <a href=\"https:\/\/sedes.org.br\/site\/cursos-sedes\/codigo-6366\/\" target=\"_blank\" rel=\"noopener noreferrer\" data-saferedirecturl=\"https:\/\/www.google.com\/url?q=https:\/\/sedes.org.br\/site\/cursos-sedes\/codigo-6366\/&amp;source=gmail&amp;ust=1641989868800000&amp;usg=AOvVaw1ZnuAjvNZbF6p9iyN8eDT5\">https:\/\/sedes.org.br\/<wbr \/>site\/cursos-sedes\/codigo-6366\/<\/a><\/p>\n<p>&nbsp;<\/p>\n","protected":false},"excerpt":{"rendered":"<p>A Crian\u00e7a e a Palavra: A Linguagem na Cl\u00ednica Interdisciplinar<\/p>\n","protected":false},"author":1,"featured_media":1005,"comment_status":"closed","ping_status":"closed","sticky":false,"template":"","format":"standard","meta":{"content-type":""},"categories":[5],"tags":[],"_links":{"self":[{"href":"https:\/\/sedes.org.br\/Departamentos\/Psicanalise_da_crianca\/index.php?rest_route=\/wp\/v2\/posts\/639"}],"collection":[{"href":"https:\/\/sedes.org.br\/Departamentos\/Psicanalise_da_crianca\/index.php?rest_route=\/wp\/v2\/posts"}],"about":[{"href":"https:\/\/sedes.org.br\/Departamentos\/Psicanalise_da_crianca\/index.php?rest_route=\/wp\/v2\/types\/post"}],"author":[{"embeddable":true,"href":"https:\/\/sedes.org.br\/Departamentos\/Psicanalise_da_crianca\/index.php?rest_route=\/wp\/v2\/users\/1"}],"replies":[{"embeddable":true,"href":"https:\/\/sedes.org.br\/Departamentos\/Psicanalise_da_crianca\/index.php?rest_route=%2Fwp%2Fv2%2Fcomments&post=639"}],"version-history":[{"count":72,"href":"https:\/\/sedes.org.br\/Departamentos\/Psicanalise_da_crianca\/index.php?rest_route=\/wp\/v2\/posts\/639\/revisions"}],"predecessor-version":[{"id":6265,"href":"https:\/\/sedes.org.br\/Departamentos\/Psicanalise_da_crianca\/index.php?rest_route=\/wp\/v2\/posts\/639\/revisions\/6265"}],"wp:featuredmedia":[{"embeddable":true,"href":"https:\/\/sedes.org.br\/Departamentos\/Psicanalise_da_crianca\/index.php?rest_route=\/wp\/v2\/media\/1005"}],"wp:attachment":[{"href":"https:\/\/sedes.org.br\/Departamentos\/Psicanalise_da_crianca\/index.php?rest_route=%2Fwp%2Fv2%2Fmedia&parent=639"}],"wp:term":[{"taxonomy":"category","embeddable":true,"href":"https:\/\/sedes.org.br\/Departamentos\/Psicanalise_da_crianca\/index.php?rest_route=%2Fwp%2Fv2%2Fcategories&post=639"},{"taxonomy":"post_tag","embeddable":true,"href":"https:\/\/sedes.org.br\/Departamentos\/Psicanalise_da_crianca\/index.php?rest_route=%2Fwp%2Fv2%2Ftags&post=639"}],"curies":[{"name":"wp","href":"https:\/\/api.w.org\/{rel}","templated":true}]}}