{"id":742,"date":"2013-01-14T18:23:04","date_gmt":"2013-01-14T21:23:04","guid":{"rendered":"http:\/\/sedes.mopen.com.br\/Departamentos\/Psicanalise_da_crianca\/?p=742"},"modified":"2025-11-26T16:56:34","modified_gmt":"2025-11-26T19:56:34","slug":"cursos-2013","status":"publish","type":"post","link":"https:\/\/sedes.org.br\/Departamentos\/Psicanalise_da_crianca\/?p=742","title":{"rendered":"curso de especializa\u00e7\u00e3o"},"content":{"rendered":"<h3><a href=\"http:\/\/sedes.org.br\/Departamentos\/Psicanalise_da_crianca\/wp-content\/uploads\/2013\/01\/banner-_cursos-01-1.png\"><img fetchpriority=\"high\" class=\"lazyload alignnone size-full wp-image-3373\" src=\"http:\/\/sedes.org.br\/Departamentos\/Psicanalise_da_crianca\/wp-content\/uploads\/2013\/01\/banner-_cursos-01-1.png\" data-orig-src=\"http:\/\/sedes.org.br\/Departamentos\/Psicanalise_da_crianca\/wp-content\/uploads\/2013\/01\/banner-_cursos-01-1.png\" alt=\"\" width=\"1920\" height=\"444\" srcset=\"data:image\/svg+xml,%3Csvg%20xmlns%3D%27http%3A%2F%2Fwww.w3.org%2F2000%2Fsvg%27%20width%3D%271920%27%20height%3D%27444%27%20viewBox%3D%270%200%201920%20444%27%3E%3Crect%20width%3D%271920%27%20height%3D%27444%27%20fill-opacity%3D%220%22%2F%3E%3C%2Fsvg%3E\" data-srcset=\"https:\/\/sedes.org.br\/Departamentos\/Psicanalise_da_crianca\/wp-content\/uploads\/2013\/01\/banner-_cursos-01-1-200x46.png 200w, https:\/\/sedes.org.br\/Departamentos\/Psicanalise_da_crianca\/wp-content\/uploads\/2013\/01\/banner-_cursos-01-1-300x69.png 300w, https:\/\/sedes.org.br\/Departamentos\/Psicanalise_da_crianca\/wp-content\/uploads\/2013\/01\/banner-_cursos-01-1-400x93.png 400w, https:\/\/sedes.org.br\/Departamentos\/Psicanalise_da_crianca\/wp-content\/uploads\/2013\/01\/banner-_cursos-01-1-600x139.png 600w, https:\/\/sedes.org.br\/Departamentos\/Psicanalise_da_crianca\/wp-content\/uploads\/2013\/01\/banner-_cursos-01-1-768x178.png 768w, https:\/\/sedes.org.br\/Departamentos\/Psicanalise_da_crianca\/wp-content\/uploads\/2013\/01\/banner-_cursos-01-1-800x185.png 800w, https:\/\/sedes.org.br\/Departamentos\/Psicanalise_da_crianca\/wp-content\/uploads\/2013\/01\/banner-_cursos-01-1-1024x237.png 1024w, https:\/\/sedes.org.br\/Departamentos\/Psicanalise_da_crianca\/wp-content\/uploads\/2013\/01\/banner-_cursos-01-1-1200x278.png 1200w, https:\/\/sedes.org.br\/Departamentos\/Psicanalise_da_crianca\/wp-content\/uploads\/2013\/01\/banner-_cursos-01-1-1536x355.png 1536w, https:\/\/sedes.org.br\/Departamentos\/Psicanalise_da_crianca\/wp-content\/uploads\/2013\/01\/banner-_cursos-01-1.png 1920w\" data-sizes=\"auto\" data-orig-sizes=\"(max-width: 1920px) 100vw, 1920px\" \/><\/a><\/h3>\n<h3>Psican\u00e1lise Com Crian\u00e7as<\/h3>\n<p><strong>Coordena\u00e7\u00e3o<\/strong><br \/>\nAlessandra C\u00e1ssia Leite Barbieri<\/p>\n<p><strong>Objetivo<br \/>\n<\/strong>Promover a forma\u00e7\u00e3o de psicanalistas que tenham como foco de interesse o trabalho com crian\u00e7as, propiciando condi\u00e7\u00f5es para o desenvolvimento de uma escuta anal\u00edtica sustentada na reflex\u00e3o te\u00f3rico-cl\u00ednica. Considerando a singularidade da cl\u00ednica psicanal\u00edtica com crian\u00e7as, o curso se prop\u00f5e a:<\/p>\n<ul id=\"m_7321408683677565746gmail-u64279-9\">\n<li id=\"m_7321408683677565746gmail-u64279-4\">Pensar o lugar da inf\u00e2ncia, do infantil e da especificidade da cl\u00ednica psicanal\u00edtica com crian\u00e7as a partir do estudo dos textos freudianos e dos autores significativos deste campo;<\/li>\n<li id=\"m_7321408683677565746gmail-u64279-6\">A partir da metapsicologia dos diversos autores, trabalhar diferentes respostas a quest\u00f5es fundamentais da cl\u00ednica com crian\u00e7as, tais como as caracter\u00edsticas da linguagem da crian\u00e7a, o brincar, enquadres e manejo, a especificidade da transfer\u00eancia, a\u00a0 interpreta\u00e7\u00e3o e outras interven\u00e7\u00f5es, o lugar dos pais, a rela\u00e7\u00e3o com outros profissionais e contextos (educa\u00e7\u00e3o, sa\u00fade, etc);<\/li>\n<li id=\"m_7321408683677565746gmail-u64279-8\">Sustentar espa\u00e7os de discuss\u00e3o cl\u00ednica e de supervis\u00e3o.<\/li>\n<\/ul>\n<p><strong>Corpo Docente<\/strong><br \/>\nAdela Judith Stoppel de Gueller, Alessandra Barbieri, Fernanda Arantes, Glaucia Faria, Julia Eid, Lia Pitliuk, Lia Rudge, Marcia Regina Porto Ferreira, Maria Dias Soares do Amaral, Maria do Carmo Vidigal Meyer Dittmar, Maria Jos\u00e9 Porto Bugni, Mary Ono, Marilia Velano, Vanessa Chreim, Patricia Delfini.<\/p>\n<p><strong>Conte\u00fado Program\u00e1tico<\/strong><\/p>\n<ul id=\"m_7321408683677565746gmail-u64281-9\">\n<li id=\"m_7321408683677565746gmail-u64281-3\"><span id=\"m_7321408683677565746gmail-u64281\"><strong>Eixo Freud<\/strong>\u00a0<\/span><span id=\"m_7321408683677565746gmail-u64281-2\">\u2013 semin\u00e1rios te\u00f3rico-cl\u00ednicos nos temas: Divis\u00e3o do sujeito, Forma\u00e7\u00f5es do inconsciente, Teoria da Sexualidade, Puls\u00f5es e Constitui\u00e7\u00e3o do Psiquismo, Narcisismo e \u00c9dipo, M\u00e9todo psicanal\u00edtico, Psicopatologia psicanal\u00edtica;<\/span><\/li>\n<li id=\"m_7321408683677565746gmail-u64281-6\"><strong><span id=\"m_7321408683677565746gmail-u64281-4\">Eixo Psican\u00e1lise com Crian\u00e7as<\/span><\/strong><span id=\"m_7321408683677565746gmail-u64281-5\">\u00a0\u2013 semin\u00e1rios te\u00f3rico-cl\u00ednicos a partir das obras de Melanie Klein, Winnicott, Lacan e outros que se dedicaram \u00e0s particularidades desta cl\u00ednica;<\/span><\/li>\n<li id=\"m_7321408683677565746gmail-u64281-8\"><strong>Supervis\u00e3o cl\u00ednica<\/strong>.<\/li>\n<\/ul>\n<p id=\"m_7321408683677565746gmail-u64281-11\"><span id=\"m_7321408683677565746gmail-u64281-10\">Consideramos tamb\u00e9m essenciais \u00e0 forma\u00e7\u00e3o a an\u00e1lise pessoal, a atividade cl\u00ednica, a supervis\u00e3o individual e a participa\u00e7\u00e3o em espa\u00e7os de interlocu\u00e7\u00e3o. A pertin\u00eancia do curso ao Departamento Psican\u00e1lise com Crian\u00e7as possibilita aos alunos diversas modalidades de inser\u00e7\u00e3o e de participa\u00e7\u00e3o em projetos de discuss\u00e3o e pesquisa cl\u00ednica (Sustentar: psican\u00e1lise, inf\u00e2ncias e sa\u00fade p\u00fablica, Gemelar: gemelaridade e reprodu\u00e7\u00e3o assistida, novos desafios para a psican\u00e1lise, e Acesso: crian\u00e7as e fam\u00edlias separadas de seus n\u00facleos de origem), em publica\u00e7\u00f5es, em grupos de estudo e em eventos (Col\u00f3quio e Jornadas).<\/span><\/p>\n<p id=\"m_7321408683677565746gmail-u64281-13\"><span id=\"m_7321408683677565746gmail-u64281-12\">A pertin\u00eancia do curso ao Instituto Sedes Sapientiae permite ainda que os alunos possam se candidatar ao Aprimoramento da Cl\u00ednica Psicol\u00f3gica do instituto, que consiste em uma experi\u00eancia institucional com pr\u00e1tica cl\u00ednica, mediante participa\u00e7\u00e3o em processo seletivo espec\u00edfico.<\/span><\/p>\n<p id=\"m_7321408683677565746gmail-u64281-16\"><span id=\"m_7321408683677565746gmail-u64281-15\">Observa\u00e7\u00e3o: os alunos podem se candidatar a atividade pr\u00e1tica que \u00e9 oferecida pela Cl\u00ednica Psicol\u00f3gica do Instituto Sedes Sapientiae (que conta com um processo seletivo espec\u00edfico).<\/span><\/p>\n<p><strong>Destinado a<\/strong><br \/>\nPsic\u00f3logos e outros profissionais com gradua\u00e7\u00e3o universit\u00e1ria interessados na forma\u00e7\u00e3o em cl\u00ednica psicanal\u00edtica com crian\u00e7as, com alguma trajet\u00f3ria em psican\u00e1lise.<\/p>\n<p><strong>Dura\u00e7\u00e3o<\/strong><br \/>\nTr\u00eas anos<\/p>\n<p><strong>Hor\u00e1rio<br \/>\n<\/strong><span id=\"m_7321408683677565746gmail-u64284\">Semin\u00e1rios te\u00f3ricos \u2013\u00a0<\/span><span id=\"m_7321408683677565746gmail-u64284-2\">sextas-feiras, das 8h \u00e0s 12h.<br \/>\n<\/span><span id=\"m_7321408683677565746gmail-u64284-4\">Supervis\u00e3o \u2013\u00a0<\/span><span id=\"m_7321408683677565746gmail-u64284-5\">duas horas semanais (sextas-feiras, a partir das 13h30, ou quartas-feiras, pela manh\u00e3, se houver qu\u00f3rum).<\/span><\/p>\n<p><strong>Carga hor\u00e1ria<\/strong><br \/>\n582 horas<\/p>\n<p><strong>Mais informa\u00e7\u00f5es e inscri\u00e7\u00f5es <em><a href=\"https:\/\/sedes.org.br\/site\/cursos-sedes\/codigo-138\/\">aqui<\/a>.<\/em><\/strong><\/p>\n","protected":false},"excerpt":{"rendered":"<p>Psican\u00e1lise Com Crian\u00e7as Coordena\u00e7\u00e3o Alessandra C\u00e1ssia Leite Barbieri Objetivo Promover<\/p>\n","protected":false},"author":1,"featured_media":3353,"comment_status":"open","ping_status":"closed","sticky":false,"template":"","format":"standard","meta":{"content-type":""},"categories":[5],"tags":[],"_links":{"self":[{"href":"https:\/\/sedes.org.br\/Departamentos\/Psicanalise_da_crianca\/index.php?rest_route=\/wp\/v2\/posts\/742"}],"collection":[{"href":"https:\/\/sedes.org.br\/Departamentos\/Psicanalise_da_crianca\/index.php?rest_route=\/wp\/v2\/posts"}],"about":[{"href":"https:\/\/sedes.org.br\/Departamentos\/Psicanalise_da_crianca\/index.php?rest_route=\/wp\/v2\/types\/post"}],"author":[{"embeddable":true,"href":"https:\/\/sedes.org.br\/Departamentos\/Psicanalise_da_crianca\/index.php?rest_route=\/wp\/v2\/users\/1"}],"replies":[{"embeddable":true,"href":"https:\/\/sedes.org.br\/Departamentos\/Psicanalise_da_crianca\/index.php?rest_route=%2Fwp%2Fv2%2Fcomments&post=742"}],"version-history":[{"count":45,"href":"https:\/\/sedes.org.br\/Departamentos\/Psicanalise_da_crianca\/index.php?rest_route=\/wp\/v2\/posts\/742\/revisions"}],"predecessor-version":[{"id":6263,"href":"https:\/\/sedes.org.br\/Departamentos\/Psicanalise_da_crianca\/index.php?rest_route=\/wp\/v2\/posts\/742\/revisions\/6263"}],"wp:featuredmedia":[{"embeddable":true,"href":"https:\/\/sedes.org.br\/Departamentos\/Psicanalise_da_crianca\/index.php?rest_route=\/wp\/v2\/media\/3353"}],"wp:attachment":[{"href":"https:\/\/sedes.org.br\/Departamentos\/Psicanalise_da_crianca\/index.php?rest_route=%2Fwp%2Fv2%2Fmedia&parent=742"}],"wp:term":[{"taxonomy":"category","embeddable":true,"href":"https:\/\/sedes.org.br\/Departamentos\/Psicanalise_da_crianca\/index.php?rest_route=%2Fwp%2Fv2%2Fcategories&post=742"},{"taxonomy":"post_tag","embeddable":true,"href":"https:\/\/sedes.org.br\/Departamentos\/Psicanalise_da_crianca\/index.php?rest_route=%2Fwp%2Fv2%2Ftags&post=742"}],"curies":[{"name":"wp","href":"https:\/\/api.w.org\/{rel}","templated":true}]}}