{"id":832,"date":"2013-04-02T19:07:45","date_gmt":"2013-04-02T22:07:45","guid":{"rendered":"http:\/\/sedes.mopen.com.br\/Departamentos\/Psicanalise_da_crianca\/?p=832"},"modified":"2024-10-15T12:04:36","modified_gmt":"2024-10-15T15:04:36","slug":"setores","status":"publish","type":"post","link":"https:\/\/sedes.org.br\/Departamentos\/Psicanalise_da_crianca\/?p=832","title":{"rendered":"setores"},"content":{"rendered":"<p><a name=\"curso\"><\/a><strong>Setor Curso<\/strong><br \/>\nPromove a forma\u00e7\u00e3o do psicanalista de crian\u00e7as atrav\u00e9s do <a href=\"http:\/\/sedes.mopen.com.br\/Departamentos\/Psicanalise_da_crianca\/?p=742\">Curso de Psican\u00e1lise com Crian\u00e7as<\/a>, de especializa\u00e7\u00e3o, dura\u00e7\u00e3o de tr\u00eas anos e carga hor\u00e1ria de seis horas semanais. Os alunos desse curso podem se candidatar ao est\u00e1gio na Cl\u00ednica Psicol\u00f3gica do Instituto Sedes Sapientiae.<\/p>\n<p><a name=\"eventos\"><\/a><strong>Setor Eventos<\/strong><br \/>\nPromove encontros e a comunica\u00e7\u00e3o entre os membros do Departamento e destes com a comunidade. Os eventos s\u00e3o centrados em temas de relev\u00e2ncia para a psican\u00e1lise com crian\u00e7as, atrav\u00e9s de\u00a0<strong>Encontros Cl\u00ednicos<\/strong>\u00a0e\u00a0<strong>Jornadas Internas<\/strong>, destinados aos alunos e membros do Departamento,\u00a0<strong>Cinema e Psican\u00e1lise com Crian\u00e7as<\/strong>,\u00a0<strong>Col\u00f3quio de Psican\u00e1lise com Crian\u00e7as<\/strong>, palestras e semin\u00e1rios abertos ao p\u00fablico em geral.<\/p>\n<p><a name=\"extensao\"><\/a><strong>Setor Extens\u00e3o<\/strong><br \/>\nOrganiza a oferta de cursos a partir das diversas demandas de forma\u00e7\u00e3o dos membros do Departamento, dos seus setores e da comunidade em geral. As modalidades de\u00a0<a href=\"http:\/\/sedes.mopen.com.br\/Departamentos\/Psicanalise_da_crianca\/?p=639\">cursos de extens\u00e3o<\/a>\u00a0existentes s\u00e3o: cursos de Departamento, destinados somente a membros, cursos de aperfei\u00e7oamento, com dura\u00e7\u00e3o de um ano e cursos de expans\u00e3o, com dura\u00e7\u00e3o de um semestre.<\/p>\n<p><a name=\"clinica\"><\/a><strong>Setor Cl\u00ednica e Pesquisa<\/strong><br \/>\nDesenvolve atividades que promovam a sustenta\u00e7\u00e3o e o aprimoramento de pr\u00e1ticas cl\u00ednicas dos membros do Departamento. Essas atividades poder\u00e3o se desenvolver no pr\u00f3prio Insituto, ou fora dele.<\/p>\n<p><strong>Grupos de Trabalho:<\/strong><\/p>\n<ul>\n<li><a href=\"http:\/\/sedes.org.br\/Departamentos\/Psicanalise_da_crianca\/?p=960\">Gemelaridade e Reprodu\u00e7\u00e3o Assistida<\/a>;<\/li>\n<li><a href=\"http:\/\/sedes.org.br\/Departamentos\/Psicanalise_da_crianca\/?p=2783\">Sustentar \u2013 A cl\u00ednica com crian\u00e7as na rede p\u00fablica.<\/a><\/li>\n<\/ul>\n<p>Qualquer membro do Departamento pode encaminhar uma proposta de grupo de trabalho \u00e0 coordena\u00e7\u00e3o do setor, que auxiliar\u00e1 em sua viabiliza\u00e7\u00e3o.<\/p>\n<p><a name=\"publicacoes\"><\/a><strong>Setor Publica\u00e7\u00f5es<\/strong><br \/>\nCuida das publica\u00e7\u00f5es escritas do Departamento. Esse setor n\u00e3o est\u00e1 estruturado no momento, e fica mantido o procedimento atual para os projetos de publica\u00e7\u00e3o: os projetos surgem e s\u00e3o desenvolvidos nos respectivos setores em que foram gerados, e devem ser aprovados pela CG.<\/p>\n<p><a name=\"divugacao\"><\/a><strong>Setor Comunica\u00e7\u00e3o<\/strong><br \/>\nCuida de toda a comunica\u00e7\u00e3o interna e externa do\u00a0Departamento.\u00a0Assim, \u00e9 respons\u00e1vel por: comunica\u00e7\u00f5es entre a coordena\u00e7\u00e3o do Departamento e seus membros e alunos;\u00a0pela comunica\u00e7\u00e3o nas m\u00eddias sociais;\u00a0pela manuten\u00e7\u00e3o e edi\u00e7\u00e3o do site; pela edi\u00e7\u00e3o do Boletim Eletr\u00f4nico; pela divulga\u00e7\u00e3o, atrav\u00e9s da mala direta do Departamento, dos eventos e cursos do Departamento e daqueles que o Departamento achar por bem divulgar; pela alimenta\u00e7\u00e3o da mala direta.<\/p>\n<p><strong>Secretaria<\/strong><br \/>\nAuxilia na confec\u00e7\u00e3o das atas das reuni\u00f5es de coordena\u00e7\u00e3o e assembleias, cuida da mala direta, encarrega-se da nossa correspond\u00eancia eletr\u00f4nica.<\/p>\n<p><strong>Tesouraria<\/strong><br \/>\nCabe \u00e0 tesouraria administrar os recursos do Departamento, conforme pol\u00edtica da Coordena\u00e7\u00e3o Geral, no que se refere \u00e0s prioridades de investimentos financeiros, aos patroc\u00ednios e parcerias.<\/p>\n","protected":false},"excerpt":{"rendered":"<p>Setor Curso Promove a forma\u00e7\u00e3o do psicanalista de crian\u00e7as atrav\u00e9s<\/p>\n","protected":false},"author":1,"featured_media":0,"comment_status":"closed","ping_status":"closed","sticky":false,"template":"","format":"standard","meta":{"content-type":""},"categories":[31],"tags":[],"_links":{"self":[{"href":"https:\/\/sedes.org.br\/Departamentos\/Psicanalise_da_crianca\/index.php?rest_route=\/wp\/v2\/posts\/832"}],"collection":[{"href":"https:\/\/sedes.org.br\/Departamentos\/Psicanalise_da_crianca\/index.php?rest_route=\/wp\/v2\/posts"}],"about":[{"href":"https:\/\/sedes.org.br\/Departamentos\/Psicanalise_da_crianca\/index.php?rest_route=\/wp\/v2\/types\/post"}],"author":[{"embeddable":true,"href":"https:\/\/sedes.org.br\/Departamentos\/Psicanalise_da_crianca\/index.php?rest_route=\/wp\/v2\/users\/1"}],"replies":[{"embeddable":true,"href":"https:\/\/sedes.org.br\/Departamentos\/Psicanalise_da_crianca\/index.php?rest_route=%2Fwp%2Fv2%2Fcomments&post=832"}],"version-history":[{"count":23,"href":"https:\/\/sedes.org.br\/Departamentos\/Psicanalise_da_crianca\/index.php?rest_route=\/wp\/v2\/posts\/832\/revisions"}],"predecessor-version":[{"id":3391,"href":"https:\/\/sedes.org.br\/Departamentos\/Psicanalise_da_crianca\/index.php?rest_route=\/wp\/v2\/posts\/832\/revisions\/3391"}],"wp:attachment":[{"href":"https:\/\/sedes.org.br\/Departamentos\/Psicanalise_da_crianca\/index.php?rest_route=%2Fwp%2Fv2%2Fmedia&parent=832"}],"wp:term":[{"taxonomy":"category","embeddable":true,"href":"https:\/\/sedes.org.br\/Departamentos\/Psicanalise_da_crianca\/index.php?rest_route=%2Fwp%2Fv2%2Fcategories&post=832"},{"taxonomy":"post_tag","embeddable":true,"href":"https:\/\/sedes.org.br\/Departamentos\/Psicanalise_da_crianca\/index.php?rest_route=%2Fwp%2Fv2%2Ftags&post=832"}],"curies":[{"name":"wp","href":"https:\/\/api.w.org\/{rel}","templated":true}]}}