{"id":840,"date":"2013-04-02T19:16:38","date_gmt":"2013-04-02T19:16:38","guid":{"rendered":"http:\/\/sedes.mopen.com.br\/Departamentos\/Psicanalise_da_crianca\/?p=840"},"modified":"2024-11-24T16:34:36","modified_gmt":"2024-11-24T19:34:36","slug":"indice-de-membros","status":"publish","type":"post","link":"https:\/\/sedes.org.br\/Departamentos\/Psicanalise_da_crianca\/?p=840","title":{"rendered":"\u00edndice de membros"},"content":{"rendered":"<p><a name=\"A\"><\/a><br \/>\n<strong>A<\/strong> | <a href=\"#B\">B<\/a> | <a href=\"#C\">C<\/a> | <a href=\"#D\">D<\/a> | <a href=\"#E\">E<\/a> | <a href=\"#F\">F<\/a> | <a href=\"#G\">G<\/a> | <a href=\"#H\">H<\/a> | <a href=\"#I\">I<\/a> | <a href=\"#J\">J<\/a> | <a href=\"#K\">K<\/a> | <a href=\"#L\">L<\/a> | <a href=\"#M\">M<\/a> | <a href=\"#N\">N<\/a> | <a href=\"#O\">O<\/a> | <a href=\"#P\">P<\/a> | <a href=\"#Q\">Q<\/a> | <a href=\"#R\">R<\/a> | <a href=\"#S\">S<\/a> | <a href=\"#T\">T<\/a> | <a href=\"#U\">U<\/a> | <a href=\"#V\">V<\/a> | <a href=\"#W\">W<\/a> | <a href=\"#X\">X<\/a> | <a href=\"#Y\">Y<\/a> | <a href=\"#Z\">Z<\/a><\/p>\n<p><strong>Ada Morgenstern<\/strong> (membro efetivo)<br \/>\nada.morgenstern@gmail.com<br \/>\nRua Capote Valente, 432, cj 52<br \/>\nPinheiros<br \/>\nS\u00e3o Paulo &#8211; SP<br \/>\nCEP 05409-001<br \/>\nTel.: (11) 3064-1035<\/p>\n<p><strong>Adela Stoppel de Gueller<\/strong> (membro efetivo)<br \/>\nadela@gueller.com.br<br \/>\nRua Dr. Homem de Melo, 736<br \/>\nPerdizes<br \/>\nS\u00e3o Paulo &#8211; SP<br \/>\nCEP 05007-002<br \/>\nTel: \u00a0(11) 3865-2370 e (11) 3864-8702<\/p>\n<p><strong>Afr\u00e2nio de Matos Ferreira<\/strong> (membro efetivo)<br \/>\nVila Madalena<br \/>\nS\u00e3o Paulo &#8211; SP<br \/>\nTel.: (11) 3031-6000<\/p>\n<p><strong>Alessandra Cassia Leite Barbieri<\/strong> (membro efetivo)<br \/>\nS\u00e3o Paulo &#8211; SP<br \/>\nTel.: (11) 3541-2464<\/p>\n<p><strong>Ana Carolina Barros Silva<\/strong> (membro associado)<br \/>\nacbarrossilva@usp.br<br \/>\nRua Ferreira de Ara\u00fajo, 1059<br \/>\nPinheiros<br \/>\nS\u00e3o Paulo &#8211; SP<br \/>\nTel.: (11) 98606-0366<\/p>\n<p><strong>Ana Cristina Gomes Bueno<\/strong> (membro efetivo)<br \/>\nRua Rino Pieralini, 89<br \/>\nVila Mariana<br \/>\nS\u00e3o Paulo &#8211; SP<br \/>\nCEP: 04017-010<br \/>\nTel: (11) 5573-0988<\/p>\n<p><strong>\u00c2ngela May<\/strong> (membro efetivo)<br \/>\nangelamay@ig.com.br<br \/>\nBrooklin<br \/>\nS\u00e3o Paulo \u2013 SP<br \/>\nTel.: (11) 2738-4911<\/p>\n<p><a name=\"B\"><\/a><br \/>\n<a href=\"#A\">A<\/a> | <strong>B<\/strong> | <a href=\"#C\">C<\/a> | <a href=\"#D\">D<\/a> | <a href=\"#E\">E<\/a> | <a href=\"#F\">F<\/a> | <a href=\"#G\">G<\/a> | <a href=\"#H\">H<\/a> | <a href=\"#I\">I<\/a> | <a href=\"#J\">J<\/a> | <a href=\"#K\">K<\/a> | <a href=\"#L\">L<\/a> | <a href=\"#M\">M<\/a> | <a href=\"#N\">N<\/a> | <a href=\"#O\">O<\/a> | <a href=\"#P\">P<\/a> | <a href=\"#Q\">Q<\/a> | <a href=\"#R\">R<\/a> | <a href=\"#S\">S<\/a> | <a href=\"#T\">T<\/a> | <a href=\"#U\">U<\/a> | <a href=\"#V\">V<\/a> | <a href=\"#W\">W<\/a> | <a href=\"#X\">X<\/a> | <a href=\"#Y\">Y<\/a> | <a href=\"#Z\">Z<\/a><\/p>\n<p><strong>B\u00e1rbara Reze<\/strong><br \/>\nbarbara.reze@gmail.com<br \/>\nRua Teodoro Sampaio 744, cj. 42 &#8211; Pinheiros &#8211; S\u00e3o Paulo<br \/>\nTel: (11) 98127 0107<\/p>\n<p><strong>Bernardo Tanis<\/strong> (membro associado)<br \/>\ntanis@uol.com.br<br \/>\nS\u00e3o Paulo &#8211; SP<br \/>\nTel: (11) 3062-1855<\/p>\n<p><a name=\"C\"><\/a><br \/>\n<a href=\"#A\">A<\/a> | <a href=\"#B\">B<\/a> | <strong>C<\/strong> | <a href=\"#D\">D<\/a> | <a href=\"#E\">E<\/a> | <a href=\"#F\">F<\/a> | <a href=\"#G\">G<\/a> | <a href=\"#H\">H<\/a> | <a href=\"#I\">I<\/a> | <a href=\"#J\">J<\/a> | <a href=\"#K\">K<\/a> | <a href=\"#L\">L<\/a> | <a href=\"#M\">M<\/a> | <a href=\"#N\">N<\/a> | <a href=\"#O\">O<\/a> | <a href=\"#P\">P<\/a> | <a href=\"#Q\">Q<\/a> | <a href=\"#R\">R<\/a> | <a href=\"#S\">S<\/a> | <a href=\"#T\">T<\/a> | <a href=\"#U\">U<\/a> | <a href=\"#V\">V<\/a> | <a href=\"#W\">W<\/a> | <a href=\"#X\">X<\/a> | <a href=\"#Y\">Y<\/a> | <a href=\"#Z\">Z<\/a><\/p>\n<p><strong>Camila Deneno Perez<br \/>\n<\/strong>camila.deneno.perez@gmail.com<\/p>\n<p><strong>Carisa Almeida<\/strong> (membro associado)<br \/>\ncarisa.almeida@gmail.com<br \/>\nRua Professor Pedro da Cunha, 65, cjto 61<br \/>\nPerdizes<br \/>\nS\u00e3o Paulo &#8211; SP<br \/>\nTel.: (11) 3042-1734<\/p>\n<p><strong>Carmem Aparecida Binatti<\/strong> (membro associado)<br \/>\nRua Tr\u00edpoli, 92, conjunto 136<br \/>\nVila Leopoldina<br \/>\nS\u00e3o Paulo &#8211; SP<br \/>\nCEP 05303-020<br \/>\nTel.: (11) 2925-4349<\/p>\n<p><strong>Christianne Lima Nascimento<\/strong> (membro associado)<br \/>\nchrisln@uol.com.br<br \/>\nRua Iguatemi, 252, conjunto 91<br \/>\nItaim<br \/>\nS\u00e3o Paulo &#8211; SP<br \/>\nTel.: (11) 2594-1449<\/p>\n<p><strong>Cristina Alem<\/strong> (membro associado)<br \/>\ncristina.alem@hotmail.com<br \/>\nTel.: (12) 99771-4242<br \/>\nTel.: (12) 98144-4224<br \/>\nConsult\u00f3rios em Campos do Jord\u00e3o &#8211; SP, S\u00e3o Jos\u00e9 dos Campos &#8211; SP, Taubat\u00e9 &#8211; SP<\/p>\n<p><strong>Cristina D. Marcondes<\/strong> (membro associado)<br \/>\ncris_marcondes21@hotmail.com<br \/>\nRua Primo Picolli, 90, 9\u00b0 Andar , cj 94, Ed. Centro M\u00e9dico<br \/>\nJd Girassol<br \/>\nAmericana &#8211; SP<br \/>\nCEP: 13465-640<br \/>\nTel.: (19) 36455761, (19) 991687859 e (19) 982647033<\/p>\n<p><strong>Christiane Laurito Costa<\/strong> (membro associado)<br \/>\nchristianelaurito@hotmail.com<br \/>\nRua Borges Lagoa, 1080, cj 1107<br \/>\nVila Clementino<br \/>\nS\u00e3o Paulo &#8211; SP<br \/>\nTel.: (11) 5082-1208<\/p>\n<p><strong>Christiane Sanches<\/strong> (membro associado)<br \/>\nchristianesanches@uol.com.br<\/p>\n<p><strong>Christina Maria da Silva Telles Pousada<\/strong> (membro associado)<br \/>\nchristinapousada@hotmail.com<\/p>\n<p><strong>Cristina Banduk Seguim<\/strong> (membro associado)<br \/>\ncris.seguim@terra.com.br<br \/>\nRua Vergueiro 2045, cj 710<br \/>\nVila Mariana<br \/>\nS\u00e3o Paulo &#8211; SP<br \/>\nTel.: (11) 5579-5490<\/p>\n<p><a name=\"D\"><\/a><br \/>\n<a href=\"#A\">A<\/a> | <a href=\"#B\">B<\/a> | <a href=\"#C\">C<\/a> | <strong>D<\/strong> | <a href=\"#E\">E<\/a> | <a href=\"#F\">F<\/a> | <a href=\"#G\">G<\/a> | <a href=\"#H\">H<\/a> | <a href=\"#I\">I<\/a> | <a href=\"#J\">J<\/a> | <a href=\"#K\">K<\/a> | <a href=\"#L\">L<\/a> | <a href=\"#M\">M<\/a> | <a href=\"#N\">N<\/a> | <a href=\"#O\">O<\/a> | <a href=\"#P\">P<\/a> | <a href=\"#Q\">Q<\/a> | <a href=\"#R\">R<\/a> | <a href=\"#S\">S<\/a> | <a href=\"#T\">T<\/a> | <a href=\"#U\">U<\/a> | <a href=\"#V\">V<\/a> | <a href=\"#W\">W<\/a> | <a href=\"#X\">X<\/a> | <a href=\"#Y\">Y<\/a> | <a href=\"#Z\">Z<\/a><\/p>\n<p><strong>Daniele John<\/strong> (membro efetivo)<br \/>\ndjohn@uol.com.br<br \/>\nRua Jo\u00e3o Moura, 1096<br \/>\nPinheiros<br \/>\nS\u00e3o Paulo &#8211; SP<br \/>\nTel.: (11) 3083-6532<\/p>\n<p><strong>Denise Aizemberg Steinwurz<\/strong> (membro associado)<br \/>\nRua Joaquim Antunes 490, cj. 73<br \/>\nPinheiros<br \/>\nS\u00e3o Paulo &#8211; SP<br \/>\nTel : 2737-4445<br \/>\nCel : 99913-8331<\/p>\n<p><strong>Denise Arisa<\/strong><br \/>\ndenisearisa@uol.com.br<br \/>\nAv. Antonino Dias Bastos, 747 &#8211; Sala 24<br \/>\nS\u00e3o Roque &#8211; SP<br \/>\nTel. (11) 4719-1177<br \/>\ncel. (11) 99263-0639<\/p>\n<p>Consultorio em S\u00e3o Paulo: no bairro de \u00c1gua Branca<\/p>\n<p><strong>Denise Monteiro Feliciano<\/strong> (membro efetivo)<br \/>\ndenisefeliciano@uol.com.br<br \/>\nPinheiros<br \/>\nS\u00e3o Paulo &#8211; SP<br \/>\nTel: (11) 3081-4642<\/p>\n<p><strong>Denise Serber<\/strong> (membro associado)<br \/>\ndserber@uol.com.br<br \/>\nRua Harmonia, 302<br \/>\nS\u00e3o Paulo &#8211; SP<br \/>\nTel.: (11) 3812 8042<\/p>\n<p><a name=\"E\"><\/a><br \/>\n<a href=\"#A\">A<\/a> | <a href=\"#B\">B<\/a> | <a href=\"#C\">C<\/a> | <a href=\"#D\">D<\/a> | <strong>E<\/strong> | <a href=\"#F\">F<\/a> | <a href=\"#G\">G<\/a> | <a href=\"#H\">H<\/a> | <a href=\"#I\">I<\/a> | <a href=\"#J\">J<\/a> | <a href=\"#K\">K<\/a> | <a href=\"#L\">L<\/a> | <a href=\"#M\">M<\/a> | <a href=\"#N\">N<\/a> | <a href=\"#O\">O<\/a> | <a href=\"#P\">P<\/a> | <a href=\"#Q\">Q<\/a> | <a href=\"#R\">R<\/a> | <a href=\"#S\">S<\/a> | <a href=\"#T\">T<\/a> | <a href=\"#U\">U<\/a> | <a href=\"#V\">V<\/a> | <a href=\"#W\">W<\/a> | <a href=\"#X\">X<\/a> | <a href=\"#Y\">Y<\/a> | <a href=\"#Z\">Z<\/a><\/p>\n<p><strong>Eduardo Fraga de Almeida Prado<\/strong> (membro associado)<br \/>\nedu-fraga@hotmail.com<br \/>\nRua Maranh\u00e3o, 598, 1\u00b0 andar, cj 13<br \/>\nHigien\u00f3polis<br \/>\nS\u00e3o Paulo &#8211; SP<br \/>\nCEP: 05004-000<br \/>\nTel: (11) 3667-1735 \/ (11) 99937-5753<\/p>\n<p><strong>\u00c9lcio Gomes Mascarenhas<\/strong> (membro associado)<br \/>\neg.mascarenhas@uol.com.br<br \/>\nRua Joaquim Antunes, 490, cj 54<br \/>\nPinheiros<br \/>\nS\u00e3o Paulo &#8211; SP<br \/>\nTel: (11) 30814642<\/p>\n<p><strong>Eloisa Tavares de Lacerda<\/strong> (membro efetivo)<br \/>\nRua Gomes de Carvalho, 1266 cj 111<br \/>\nVila Ol\u00edmpia<br \/>\nS\u00e3o Paulo &#8211; SP<br \/>\nTel.: (11) 3846-9751<br \/>\nCel.: (11) 9962-05113<\/p>\n<p><strong>Elsa Vera Kunze Post Susemihl<\/strong> (membro efetivo)<br \/>\nesusemihl@gmail.com<br \/>\nR.Gomes de Carvalho, 892, cj 111<br \/>\nVila Olimpia<br \/>\nS\u00e3o Paulo &#8211; SP<br \/>\nTel.: (11) 3044-6763<\/p>\n<p><strong>\u00c9rica Romero da Silva<\/strong> (membro associado)<br \/>\nerica_romeropsi@hotmail.com<br \/>\nRua Vanderlei, 563<br \/>\nPerdizes<br \/>\nS\u00e3o Paulo &#8211; SP<br \/>\nTel: (11) 97235-1727<\/p>\n<p><a name=\"F\"><\/a><br \/>\n<a href=\"#A\">A<\/a> | <a href=\"#B\">B<\/a> | <a href=\"#C\">C<\/a> | <a href=\"#D\">D<\/a> | <a href=\"#E\">E<\/a> | <strong>F<\/strong> | <a href=\"#G\">G<\/a> | <a href=\"#H\">H<\/a> | <a href=\"#I\">I<\/a> | <a href=\"#J\">J<\/a> | <a href=\"#K\">K<\/a> | <a href=\"#L\">L<\/a> | <a href=\"#M\">M<\/a> | <a href=\"#N\">N<\/a> | <a href=\"#O\">O<\/a> | <a href=\"#P\">P<\/a> | <a href=\"#Q\">Q<\/a> | <a href=\"#R\">R<\/a> | <a href=\"#S\">S<\/a> | <a href=\"#T\">T<\/a> | <a href=\"#U\">U<\/a> | <a href=\"#V\">V<\/a> | <a href=\"#W\">W<\/a> | <a href=\"#X\">X<\/a> | <a href=\"#Y\">Y<\/a> | <a href=\"#Z\">Z<\/a><\/p>\n<p><strong>Fernanda Cristina Gaspar Salom\u00e3o<\/strong> (membro efetivo)<br \/>\nRua Jo\u00e3o da Cruz Mel\u00e3o, 373<br \/>\nMorumbi<br \/>\nS\u00e3o Paulo &#8211; SP<\/p>\n<p>Alameda dos Jamaris,100, sala 1106<br \/>\nMoema<br \/>\nS\u00e3o Paulo &#8211; SP<br \/>\nTel.: (11) 3746-0682 \u00a0e (11) 99991-1820<\/p>\n<p><strong>Fernanda F. Arantes<\/strong> (membro efetivo)<br \/>\nfe.arantes@uol.com.br<br \/>\nRua Rouxinol, 84, cj 94<br \/>\nMoema<br \/>\nS\u00e3o Paulo &#8211; SP<br \/>\nTel: (11) 5535-4971<\/p>\n<p><strong>Fernanda Fazzio<\/strong> (membro associado)<br \/>\nfazziofernanda@gmail.com<br \/>\nAlameda Rio Negro, 911, cj. 207<br \/>\nAlphaville, Barueri &#8211; SP<br \/>\nTel: (11) 4191-1258<\/p>\n<p><strong>Fernanda Mara Colucci Fonoff<\/strong> (membro associado)<br \/>\nfmcolucci@gmail.com<br \/>\nAv Paulista, 1636, cj 207<br \/>\nS\u00e3o Paulo &#8211; SP<br \/>\nTel.: (11) 3237-2031<\/p>\n<p><strong>Fl\u00e1via Blay Levinsky<\/strong> (membro efetivo)<br \/>\nflavialevisky@gmail.com<br \/>\nRua Bruno Lobo, 218<br \/>\nButant\u00e3<br \/>\nS\u00e3o Paulo &#8211; SP<br \/>\nTel.: (11) 3721-9453 \/ (11) 99178-9696<\/p>\n<p><a name=\"G\"><\/a><br \/>\n<a href=\"#A\">A<\/a> | <a href=\"#B\">B<\/a> | <a href=\"#C\">C<\/a> | <a href=\"#D\">D<\/a> | <a href=\"#E\">E<\/a> | <a href=\"#F\">F<\/a> | <strong>G<\/strong> | <a href=\"#H\">H<\/a> | <a href=\"#I\">I<\/a> | <a href=\"#J\">J<\/a> | <a href=\"#K\">K<\/a> | <a href=\"#L\">L<\/a> | <a href=\"#M\">M<\/a> | <a href=\"#N\">N<\/a> | <a href=\"#O\">O<\/a> | <a href=\"#P\">P<\/a> | <a href=\"#Q\">Q<\/a> | <a href=\"#R\">R<\/a> | <a href=\"#S\">S<\/a> | <a href=\"#T\">T<\/a> | <a href=\"#U\">U<\/a> | <a href=\"#V\">V<\/a> | <a href=\"#W\">W<\/a> | <a href=\"#X\">X<\/a> | <a href=\"#Y\">Y<\/a> | <a href=\"#Z\">Z<\/a><\/p>\n<p><strong>Gabriela Feitoza Rodrigues Costa<\/strong> (membro associado)<br \/>\ngfrcosta@hotmail.com<br \/>\nRua Othon Feliciano, 02 cj. 122<br \/>\nGonzaga<br \/>\nSantos \u2013 SP<br \/>\nTel.: (13) 99764-6362<\/p>\n<p><strong>Gabriela Mello<\/strong> (membro associado)<br \/>\ngabriela.mello@me.com<br \/>\nAv. Padre Pereira de Andrade, 341<br \/>\nAlto de Pinheiros, S\u00e3o Paulo &#8211; SP<br \/>\nTel: (11) 3022-4965<\/p>\n<p><strong>Gl\u00e1ucia Faria da Silva<\/strong> (membro associado)<br \/>\nglaufaria@live.com<br \/>\nRua Dr Diogo de Faria, 55, conj 94<br \/>\nVila Mariana<br \/>\nS\u00e3o Paulo &#8211; SP<\/p>\n<p><strong>Graziele Del Treggia<\/strong><br \/>\ngradeltreggia@gmail.com<br \/>\nTel: (11) 2894-7827<\/p>\n<p><a name=\"H\"><\/a><a name=\"I\"><\/a><br \/>\n<a href=\"#A\">A<\/a> | <a href=\"#B\">B<\/a> | <a href=\"#C\">C<\/a> | <a href=\"#D\">D<\/a> | <a href=\"#E\">E<\/a> | <a href=\"#F\">F<\/a> | <a href=\"#G\">G<\/a> | <a href=\"#H\">H<\/a> | <strong>I<\/strong> | <a href=\"#J\">J<\/a> | <a href=\"#K\">K<\/a> | <a href=\"#L\">L<\/a> | <a href=\"#M\">M<\/a> | <a href=\"#N\">N<\/a> | <a href=\"#O\">O<\/a> | <a href=\"#P\">P<\/a> | <a href=\"#Q\">Q<\/a> | <a href=\"#R\">R<\/a> | <a href=\"#S\">S<\/a> | <a href=\"#T\">T<\/a> | <a href=\"#U\">U<\/a> | <a href=\"#V\">V<\/a> | <a href=\"#W\">W<\/a> | <a href=\"#X\">X<\/a> | <a href=\"#Y\">Y<\/a> | <a href=\"#Z\">Z<\/a><\/p>\n<p><strong>Irmgard Birmoser de Matos Ferreira<\/strong> (membro efetivo)<br \/>\nS\u00e3o Paulo &#8211; SP<br \/>\n(11) 3031-6000<\/p>\n<p><strong>Ivone Hon\u00f3rio Quinalha<\/strong> (membro associado)<br \/>\nivonehonorio@gmail.com<\/p>\n<p><a name=\"J\"><\/a><br \/>\n<a href=\"#A\">A<\/a> | <a href=\"#B\">B<\/a> | <a href=\"#C\">C<\/a> | <a href=\"#D\">D<\/a> | <a href=\"#E\">E<\/a> | <a href=\"#F\">F<\/a> | <a href=\"#G\">G<\/a> | <a href=\"#H\">H<\/a> | <a href=\"#I\">I<\/a> | <strong>J<\/strong> | <a href=\"#K\">K<\/a> | <a href=\"#L\">L<\/a> | <a href=\"#M\">M<\/a> | <a href=\"#N\">N<\/a> | <a href=\"#O\">O<\/a> | <a href=\"#P\">P<\/a> | <a href=\"#Q\">Q<\/a> | <a href=\"#R\">R<\/a> | <a href=\"#S\">S<\/a> | <a href=\"#T\">T<\/a> | <a href=\"#U\">U<\/a> | <a href=\"#V\">V<\/a> | <a href=\"#W\">W<\/a> | <a href=\"#X\">X<\/a> | <a href=\"#Y\">Y<\/a> | <a href=\"#Z\">Z<\/a><\/p>\n<p><strong>Josseline Capua Rodrigues Sanches<\/strong> (membro associado)<br \/>\njocapua@hotmail.com<br \/>\nAvenida Ang\u00e9lica, 2436, apto 51<br \/>\nConsola\u00e7\u00e3o<br \/>\nS\u00e3o Paulo &#8211; SP<br \/>\nTel: 11 2667-9541<\/p>\n<p><strong>Juliana Devito<\/strong> (membro associado)<br \/>\ndevitoju@gmail.com<br \/>\nAlameda Ministro Rocha Azevedo, 816<br \/>\nCerqueira C\u00e9sar<br \/>\nS\u00e3o Paulo &#8211; SP<br \/>\nTel: 11 3064-3631<\/p>\n<p><strong>Julia Hatakeyama Joia<\/strong><br \/>\njulia.joia@gmail.com<br \/>\nRua Lubavitch, 159 apto. 51, Bom Retiro\u2028S\u00e3o Paulo,\u2028SP\u202801123-010<br \/>\nTel: 11 97545-0203<\/p>\n<p><strong>Julia Eid<\/strong> (membro efetivo)<br \/>\njuliageid@gmail.com<br \/>\nRua Capote Valente, 432, cj 143<br \/>\nPinheiros<br \/>\nS\u00e3o Paulo &#8211; SP<br \/>\nTel.: (11) 3061-9193<\/p>\n<p><strong>Juliana Gomes Pereira<\/strong> (membro associado)<br \/>\njugope@gmail.com<br \/>\nwww.drajuliana.site.med.br<br \/>\nRua Itapicuru, 613, cj 113<br \/>\nPerdizes<br \/>\nS\u00e3o Paulo &#8211; SP<br \/>\nTel.: (11) 3873-4813<\/p>\n<p><strong>Juliana Lopez Braga<\/strong> (membro associado)<br \/>\njulianalopezbraga@gmail.com<br \/>\nRua Ant\u00f4nio Bicudo, 157, cjto 02<br \/>\nPinheiros<br \/>\nS\u00e3o Paulo &#8211; SP<br \/>\nTel.: (11) 3898-0105<\/p>\n<p><strong>Juliana Pires de Campos Pedroso<\/strong> (membro associado)<br \/>\njulianapcp@gmail.com<br \/>\nRua Mons. Jos\u00e9 Maria Escriv\u00e3 de Balaguer, 160<br \/>\nSorocaba &#8211; SP<br \/>\nTel.: (15) 99115-2225<\/p>\n<p><a name=\"K\"><\/a><a name=\"L\"><\/a><br \/>\n<a href=\"#A\">A<\/a> | <a href=\"#B\">B<\/a> | <a href=\"#C\">C<\/a> | <a href=\"#D\">D<\/a> | <a href=\"#E\">E<\/a> | <a href=\"#F\">F<\/a> | <a href=\"#G\">G<\/a> | <a href=\"#H\">H<\/a> | <a href=\"#I\">I<\/a> | <a href=\"#J\">J<\/a> | <a href=\"#K\">K<\/a> | <strong>L<\/strong> | <a href=\"#M\">M<\/a> | <a href=\"#N\">N<\/a> | <a href=\"#O\">O<\/a> | <a href=\"#P\">P<\/a> | <a href=\"#Q\">Q<\/a> | <a href=\"#R\">R<\/a> | <a href=\"#S\">S<\/a> | <a href=\"#T\">T<\/a> | <a href=\"#U\">U<\/a> | <a href=\"#V\">V<\/a> | <a href=\"#W\">W<\/a> | <a href=\"#X\">X<\/a> | <a href=\"#Y\">Y<\/a> | <a href=\"#Z\">Z<\/a><\/p>\n<p><strong>Lia Pitliuk<\/strong> (membro efetivo)<br \/>\nlia.internet@gmail.com<br \/>\nRua Turiassu, 390, cj 126<br \/>\nPerdizes<br \/>\nS\u00e3o Paulo \u2013 SP<br \/>\nTel.: (11) 3826-0989<\/p>\n<p><strong>Lia Rudge<\/strong> (membro efetivo)<br \/>\nrlrudge@uol.com.br<br \/>\nAv. Rouxinol, 84, cj 101<br \/>\nMoema<br \/>\nSao Paulo &#8211; SP<br \/>\nTel.: (11) 5531-6656<\/p>\n<p><strong>Lilian Finkelstein<\/strong><br \/>\nlilian.fink@gmail.com<br \/>\nConsult\u00f3rio em Higien\u00f3polis, S\u00e3o Paulo<br \/>\nTel.: (11) 98151-0909<\/p>\n<p><strong>Ligia Paula Silber Rabinovitch<\/strong> (membro efetivo)<br \/>\nligiasilber@hotmail.com<br \/>\nRua Jo\u00e3o Moura, 647, cj 131<br \/>\nPinheiros<br \/>\nS\u00e3o Paulo &#8211; SP<br \/>\nTel.: (11) 3715-1617<\/p>\n<p><strong>Lygia Vampre Humberg<\/strong> (membro associado)<br \/>\nlygiah@uol.com.br<br \/>\nRua Ferreira de Ara\u00fajo, 407<br \/>\nPinheiros<br \/>\nS\u00e3o Paulo &#8211; SP<br \/>\nTel.: (11) 99177-9237 e 3813-0637<\/p>\n<p><strong>Luciana Pires<\/strong> (membro associado)<br \/>\nluciana.pires@uol.com.br<br \/>\nRua Mateus Grou 566<br \/>\nPinheiros<br \/>\nS\u00e3o Paulo &#8211; SP<br \/>\nTel.: (11) 3031-3082<\/p>\n<p><strong>Luciana Slaviero Pinheiro Cerdeira<\/strong><br \/>\nluciana.cerdeira@uol.com.br<br \/>\nRua Pedroso Alvarenga, 1255, cj 15<br \/>\nItaim Bibi<br \/>\nS\u00e3o Paulo &#8211; SP<br \/>\nTel.: (11) 2365-6508<\/p>\n<p><a name=\"M\"><\/a><br \/>\n<a href=\"#A\">A<\/a> | <a href=\"#B\">B<\/a> | <a href=\"#C\">C<\/a> | <a href=\"#D\">D<\/a> | <a href=\"#E\">E<\/a> | <a href=\"#F\">F<\/a> | <a href=\"#G\">G<\/a> | <a href=\"#H\">H<\/a> | <a href=\"#I\">I<\/a> | <a href=\"#J\">J<\/a> | <a href=\"#K\">K<\/a> | <a href=\"#L\">L<\/a> | <strong>M<\/strong> | <a href=\"#N\">N<\/a> | <a href=\"#O\">O<\/a> | <a href=\"#P\">P<\/a> | <a href=\"#Q\">Q<\/a> | <a href=\"#R\">R<\/a> | <a href=\"#S\">S<\/a> | <a href=\"#T\">T<\/a> | <a href=\"#U\">U<\/a> | <a href=\"#V\">V<\/a> | <a href=\"#W\">W<\/a> | <a href=\"#X\">X<\/a> | <a href=\"#Y\">Y<\/a> | <a href=\"#Z\">Z<\/a><\/p>\n<p><strong>Mara L\u00facia Evangelista<\/strong> (membro efetivo)<br \/>\nluciaevangelista@uol.com.br<br \/>\nS\u00e3o Paulo &#8211; SP<br \/>\nTel.: (11) 2674-2354 e (11) 99414-7306<\/p>\n<p><strong>M\u00e1rcia Porto Ferreira<\/strong> (membro efetivo)<br \/>\nmrpf@sti.com.br<br \/>\nRua Caet\u00e9s, 646<br \/>\nPerdizes<br \/>\nS\u00e3o Paulo \u2013 SP<br \/>\nTel.: (11) 99162-7828<br \/>\ne<br \/>\nCentro Comercial de Alphaville<br \/>\nCal\u00e7ada dos Narcisos, cj 27, sala 22<br \/>\nAlphaville<br \/>\nBarueri \u2013 SP<br \/>\nTel.: (11) 99162-7828<\/p>\n<p><strong>Maria Alice Warschauer<\/strong> (membro associado)<br \/>\nalicewarschauer@uol.com.br<br \/>\nRua Fern\u00e3o Dias, 235<br \/>\nPinheiros<br \/>\nS\u00e3o Paulo &#8211; SP<br \/>\nCEP: 05427-000<br \/>\nTel.: (11) 3031-3081<br \/>\n(11) 99988-9862<\/p>\n<p><strong>Maria de Fatima Leite Ventura Pinto<\/strong> (membro associado)<br \/>\nmfativentura@uol.com.br<br \/>\nmfativentura@gmail.com<\/p>\n<p><strong>Maria Dias Soares<\/strong> (membro efetivo)<br \/>\nmd.soares@terra.com.br<br \/>\nRua Natingui, 540<br \/>\nVila Madalena<br \/>\nS\u00e3o Paulo &#8211; SP<br \/>\nFone (11) 3032-4851<br \/>\ne<br \/>\nCal\u00e7ada das An\u00eamonas 50, 2\u00ba andar<br \/>\nCentro Comercial de Alphaville<br \/>\nBarueri &#8211; SP<br \/>\nTel.: (11) 4191-6380<\/p>\n<p><strong>Maria do Carmo Vidigal Meyer Dittmar<\/strong> (membro efetivo)<br \/>\nlilavidigal@terra.com.br<br \/>\nRua Jeric\u00f3, 255, cj 93<br \/>\nVila Madalena<br \/>\nS\u00e3o Paulo &#8211; SP<\/p>\n<p><strong>Maria Engracia Garcia Perez <\/strong> (membro efetivo)<br \/>\nmariaengraciagp@gmail.com<br \/>\nConsult\u00f3rio Tatuap\u00e9 e Vila Mariana<br \/>\nTel.: (11) 2674 2354 e 5082 4633<\/p>\n<p><strong>Maria Helena Badra Maaz<\/strong> (membro associado)<br \/>\nmariahelenamaaz@gmail.com<br \/>\nRua Afonso Br\u00e1s, 525, cj 102<br \/>\nVila Nova Concei\u00e7\u00e3o<br \/>\nS\u00e3o Paulo &#8211; SP<br \/>\nTel.:(11) 3842-5400; (11) 3842-4957 e (11) 3451-8218<\/p>\n<p><strong>Maria Helo\u00edsa da Silva Ramos<\/strong> (membro associado)<br \/>\nmheloisa14@terra.com.br<br \/>\nAv. Paulista, 2073, 1o. andar, cj 109, ed. Horsa 1<br \/>\nS\u00e3o Paulo &#8211; SP<br \/>\nTel.: (11) 3498-2848 e (11) 9810-11453<\/p>\n<p><strong>Maria Jos\u00e9 Porto Bugni<\/strong> (membro efetivo)<br \/>\nRua Pedroso Alvarenga, 1245, cjto 113<br \/>\nItaim Bibi<br \/>\nS\u00e3o Paulo &#8211; SP<br \/>\nTel.: (11) 3079-5815<\/p>\n<p><strong>Maria Teresa Ferriani Nogueira<\/strong> (membro associado)<br \/>\nmtfnogueira@uol.com.br<br \/>\nRua da Consola\u00e7\u00e3o, 3367, cj 104<br \/>\nS\u00e3o Paulo &#8211; SP<br \/>\nTel.: (11) 3891-1067<\/p>\n<p><strong>Mariana Dias Paes Leme<\/strong> (membro associado)<br \/>\nmariana_paes_1@hotmail.com<br \/>\nRua Volunt\u00e1rios da P\u00e1tria, 2525, cjto 55<br \/>\nSantana<br \/>\nS\u00e3o Paulo &#8211; SP<br \/>\nTel.: (11) 98191-3215<\/p>\n<p><strong>Mariana Giannecchini Ferrari<\/strong><br \/>\nmalaferrari@hotmail.com<br \/>\nAv. Rafhael Logatti, 841, CEP: 14806020, Araraquara &#8211; SP<br \/>\nTel.: (16) 33369520<\/p>\n<p><strong>Mariana Minerbo<\/strong> (membro associado)<br \/>\nS\u00e3o Paulo &#8211; SP<br \/>\nTel.: (11) 4195-1888<\/p>\n<p><strong>Mari\u00e2ngela Mendes de Almeida<\/strong><br \/>\nmamendesa@hotmail.com<br \/>\nRua Dr. Jos\u00e9 Candido de Souza, 200 &#8211; Jd. Novo Mundo &#8211; S\u00e3o Paulo-SP<br \/>\nTel.: (11) 3842-8839<\/p>\n<p><strong>Mar\u00edlia Velano<\/strong> (membro associado)<br \/>\nmariliavelano@gmail.com<br \/>\nRua Mato Grosso, 128, cjto 101<br \/>\nHigien\u00f3polis<br \/>\nS\u00e3o Paulo &#8211; SP<br \/>\nTel.: (11) 98638-2222<\/p>\n<p><strong>Marina da Silva Rodrigues<\/strong> (membro associado)<br \/>\nmarinasro@gmail.com<br \/>\nVila Mariana<br \/>\nTel.: (11) 99949-6434<\/p>\n<p><strong>Mary Gelman<\/strong> (membro associado)<br \/>\nRua Prof. Pedro da Cunha, 65 cj 31<br \/>\nPerdizes<br \/>\nS\u00e3o Paulo \u2013 SP<br \/>\nCEP 05010-020<br \/>\nTel: (11) 99689-2315<\/p>\n<p><strong>M\u00f4nica C. Dib<\/strong> (membro associado)<br \/>\nmonica_dib@yahoo.com.br<br \/>\nRua Ot\u00e1vio N\u00e9bias, 193<br \/>\nPara\u00edso<br \/>\nS\u00e3o Paulo &#8211; SP<br \/>\nTel.: (11) 3884-6879<\/p>\n<p><strong>M\u00f4nica Lazzarini Ferreira Valente<\/strong> (membro efetivo)<br \/>\nmolfvalente@uol.com.br<br \/>\nRua Bar\u00e3o do Bananal, 966<br \/>\nVila Pomp\u00e9ia<br \/>\nS\u00e3o Paulo &#8211; SP<br \/>\nTel: (11) 3461-0973 e (11) 99990-3108<\/p>\n<p><strong>Monica Vivien Frank Mitteldorf<\/strong> (membro associado)<br \/>\nvivbol@uol.com.br<br \/>\nRua Bernardino de Campos 318, cj 14<br \/>\nBrooklin<br \/>\nS\u00e3o Paulo, SP<br \/>\nTel.: (11) 2831-1517<\/p>\n<p><a name=\"N\"><\/a><br \/>\n<a href=\"#A\">A<\/a> | <a href=\"#B\">B<\/a> | <a href=\"#C\">C<\/a> | <a href=\"#D\">D<\/a> | <a href=\"#E\">E<\/a> | <a href=\"#F\">F<\/a> | <a href=\"#G\">G<\/a> | <a href=\"#H\">H<\/a> | <a href=\"#I\">I<\/a> | <a href=\"#J\">J<\/a> | <a href=\"#K\">K<\/a> | <a href=\"#L\">L<\/a> | <a href=\"#M\">M<\/a> | <strong>N<\/strong> | <a href=\"#O\">O<\/a> | <a href=\"#P\">P<\/a> | <a href=\"#Q\">Q<\/a> | <a href=\"#R\">R<\/a> | <a href=\"#S\">S<\/a> | <a href=\"#T\">T<\/a> | <a href=\"#U\">U<\/a> | <a href=\"#V\">V<\/a> | <a href=\"#W\">W<\/a> | <a href=\"#X\">X<\/a> | <a href=\"#Y\">Y<\/a> | <a href=\"#Z\">Z<\/a><\/p>\n<p><strong>Nidia de Castro Bastos<\/strong> (membro associado)<br \/>\nnidiacb13@gmail.com<br \/>\nAl. Ministro Rocha Azevedo, 816<br \/>\nCerqueira C\u00e9sar<br \/>\nS\u00e3o Paulo &#8211; SP<br \/>\nTel: (11) 99181-5423<\/p>\n<p><a name=\"O\"><\/a><a name=\"P\"><\/a><br \/>\n<a href=\"#A\">A<\/a> | <a href=\"#B\">B<\/a> | <a href=\"#C\">C<\/a> | <a href=\"#D\">D<\/a> | <a href=\"#E\">E<\/a> | <a href=\"#F\">F<\/a> | <a href=\"#G\">G<\/a> | <a href=\"#H\">H<\/a> | <a href=\"#I\">I<\/a> | <a href=\"#J\">J<\/a> | <a href=\"#K\">K<\/a> | <a href=\"#L\">L<\/a> | <a href=\"#M\">M<\/a> | <a href=\"#N\">N<\/a> | <a href=\"#O\">O<\/a> | <strong>P<\/strong> | <a href=\"#Q\">Q<\/a> | <a href=\"#R\">R<\/a> | <a href=\"#S\">S<\/a> | <a href=\"#T\">T<\/a> | <a href=\"#U\">U<\/a> | <a href=\"#V\">V<\/a> | <a href=\"#W\">W<\/a> | <a href=\"#X\">X<\/a> | <a href=\"#Y\">Y<\/a> | <a href=\"#Z\">Z<\/a><\/p>\n<p><strong>Patricia Fraia<\/strong> (membro associado)<br \/>\npat@fraia.com.br<br \/>\nRua Comendador Miguel Calfat, 128, cj 412<br \/>\nVila Olimpia<br \/>\nS\u00e3o Paulo &#8211; SP<br \/>\nCEP: 04537-080<br \/>\nTel: (11) 3045-0528 \/ (11) 99649-9222<\/p>\n<p><strong>Patricia Vaz Prudente Correa<\/strong> (membro efetivo)<br \/>\npatriciavpcorrea@hotmail.com<br \/>\nS\u00e3o Paulo &#8211; SP<br \/>\nTel.: (11)98684-9464<\/p>\n<p><strong>Patricia Vendramim<\/strong> (membro associado)<br \/>\nRua \u00c2ngela Tom\u00e9, 265<br \/>\nRudge Ramos<br \/>\nS\u00e3o Bernardo do Campo &#8211; SP<br \/>\nTel.: (11) 97229-5969<\/p>\n<p><strong>Patricia Santos de Souza Delfini<\/strong> (membro associado)<br \/>\npatriciadelfini@gmail.com<br \/>\nRua Itacolomi, 333<br \/>\nHigien\u00f3polis<br \/>\nS\u00e3o Paulo &#8211; SP<\/p>\n<p><strong>Paula Gomes de Toledo Barros<\/strong> (membro associado)<br \/>\nconsultorio.itaim@terra.com.br<br \/>\nRua Joaquim Floriano 101, conj 202<br \/>\nItaim Bibi, Sao Paulo &#8211; SP<br \/>\nTel.: (11) 3073-0214<\/p>\n<p><strong>Paula Lucena<\/strong> (membro associado)<br \/>\nConsult\u00f3rio ao lado do metro Vila Madalena<br \/>\nS\u00e3o Paulo &#8211; SP<br \/>\nTel.: (11) 96301-9000<\/p>\n<p><strong>Paula Sineme Losch<\/strong> (membro associado)<br \/>\npaula_sineme@hotmail.com<br \/>\nConsultorio em Moema<br \/>\nS\u00e3o Paulo &#8211; SP<br \/>\nTel.: (11) 98199-7770<\/p>\n<p><strong>Paulina Horowicz Ghertman<\/strong>\u00a0\u00a0(membro associado)<br \/>\nRua Joaquim Antunes 490 cj 63<br \/>\nPinheiros<br \/>\nS\u00e3o Paulo \u2013 SP<br \/>\nTel.: (11) 3088-4487<br \/>\ne<br \/>\nCondominio Parque Silvino Pereira<br \/>\nRua Medina 1130<br \/>\nGranja Viana<br \/>\nCotia \u2013 SP<br \/>\nTel.: (11) 4612-2477\u00a0 e (11) 97253-8818<\/p>\n<p><strong>Priscila Ciocler Froiman<\/strong><br \/>\npricf18@hotmail.com<br \/>\nTel.: (11)3289-0049 e (11) 99181-4607<\/p>\n<p><strong>Priscyla Mamy Okayama<\/strong> (membro associado)<br \/>\npriscylamamy@gmail.com<br \/>\nRua Alves Guimar\u00e3es, 1317, apto 14<br \/>\nPinheiros<br \/>\nS\u00e3o Paulo &#8211; SP<br \/>\nTel.: (11) 99126-5716<\/p>\n<p><a name=\"Q\"><\/a><a name=\"R\"><\/a><br \/>\n<a href=\"#A\">A<\/a> | <a href=\"#B\">B<\/a> | <a href=\"#C\">C<\/a> | <a href=\"#D\">D<\/a> | <a href=\"#E\">E<\/a> | <a href=\"#F\">F<\/a> | <a href=\"#G\">G<\/a> | <a href=\"#H\">H<\/a> | <a href=\"#I\">I<\/a> | <a href=\"#J\">J<\/a> | <a href=\"#K\">K<\/a> | <a href=\"#L\">L<\/a> | <a href=\"#M\">M<\/a> | <a href=\"#N\">N<\/a> | <a href=\"#O\">O<\/a> | <a href=\"#P\">P<\/a> | <a href=\"#Q\">Q<\/a> | <strong>R<\/strong> | <a href=\"#S\">S<\/a> | <a href=\"#T\">T<\/a> | <a href=\"#U\">U<\/a> | <a href=\"#V\">V<\/a> | <a href=\"#W\">W<\/a> | <a href=\"#X\">X<\/a> | <a href=\"#Y\">Y<\/a> | <a href=\"#Z\">Z<\/a><\/p>\n<p><strong>Renata Corr\u00eaa Lima Pereira Burmester<\/strong> (membro associado)<br \/>\nrpburmester@uol.com.br<br \/>\nRua Apinag\u00e9s, 1100, cj 1105<br \/>\nPerdizes<br \/>\nS\u00e3o Paulo \u2013 SP<br \/>\nTel.: (11) 3862-0366<\/p>\n<p><strong>Renata Costa Zanin Malek<\/strong> (membro associado)<br \/>\nrzmalek@terra.com.br<br \/>\nAv. Andr\u00f4meda, n\u00ba 885, 17\u00ba andar, conjunto 1723, Ed.<br \/>\nBrascan, Torre Office &#8211; Alphaville Empresarial<br \/>\nBarueri &#8211; SP<br \/>\nTel: (11) 984370315<\/p>\n<p><strong>Renata Lauretti Guarido<\/strong><br \/>\nreguarido@gmail.com<\/p>\n<p><a name=\"S\"><\/a><br \/>\n<a href=\"#A\">A<\/a> | <a href=\"#B\">B<\/a> | <a href=\"#C\">C<\/a> | <a href=\"#D\">D<\/a> | <a href=\"#E\">E<\/a> | <a href=\"#F\">F<\/a> | <a href=\"#G\">G<\/a> | <a href=\"#H\">H<\/a> | <a href=\"#I\">I<\/a> | <a href=\"#J\">J<\/a> | <a href=\"#K\">K<\/a> | <a href=\"#L\">L<\/a> | <a href=\"#M\">M<\/a> | <a href=\"#N\">N<\/a> | <a href=\"#O\">O<\/a> | <a href=\"#P\">P<\/a> | <a href=\"#Q\">Q<\/a> | <a href=\"#R\">R<\/a> | <strong>S<\/strong> | <a href=\"#T\">T<\/a> | <a href=\"#U\">U<\/a> | <a href=\"#V\">V<\/a> | <a href=\"#W\">W<\/a> | <a href=\"#X\">X<\/a> | <a href=\"#Y\">Y<\/a> | <a href=\"#Z\">Z<\/a><\/p>\n<p><strong>Sandra Tschirner<\/strong> (membro associado)<br \/>\ntschirner@uol.com.br<br \/>\nRua Coriolano, 1203<br \/>\nVila Romana<br \/>\nS\u00e3o Paulo &#8211; SP<br \/>\nTel.: (11) 3872-6242<\/p>\n<p><strong>Sandra Ungaretti<\/strong> (membro efetivo)<br \/>\nRua Natingui, 540<br \/>\nVila Madalena<br \/>\nS\u00e3o Paulo &#8211; SP<br \/>\nTel.: (11) 3032-4851<\/p>\n<p><strong>Sandro Andrade<\/strong> (membro associado)<br \/>\nRua Ministro God\u00f3i, 1301<br \/>\nPerdizes<br \/>\nS\u00e3o Paulo &#8211; SP<br \/>\nTel.: (11) 9856-59906<\/p>\n<p><strong>Silvia Lobo<\/strong> (membro associado)<br \/>\nsl.silvialobo@gmail.com<br \/>\nRua Ca\u00e7apava, 49, cj 103<br \/>\nJardim Paulista<br \/>\nS\u00e3o Paulo &#8211; SP<br \/>\nTel.: (11) 3064-1694<\/p>\n<p><strong>Silvia Regina Antunes Petrilli<\/strong> (membro associado)<br \/>\nsilpetr@uol.com.br<br \/>\nS\u00e3o Paulo &#8211; SP<br \/>\nTel.: (11) 3862-1169 e (11) 3673-6568<\/p>\n<p><strong>Simone Abramoff dos Santos<\/strong> (membro associado)<br \/>\nsimone_abramoff@hotmail.com<br \/>\nRua Eloy C\u00e2ndido Lopes,380 sala 03, Centro<br \/>\nOsasco &#8211; SP<br \/>\nTel.: (11) 983202425 e (11) 45653750<\/p>\n<p><strong>Stephania A. R. Batista Geraldini<\/strong> (membro associado)<br \/>\nRua Il Sogno di Anarello, 78<br \/>\nVila Mariana<br \/>\nS\u00e3o Paulo &#8211; SP<br \/>\nTel.: (11) 5082-4633 e (11) 98414-6468<\/p>\n<p><strong>Sueli Hisada<\/strong> (membro associado)<br \/>\nsuelipsc@hotmail.com<br \/>\nAv. Lins de Vasconcelos, 3282, cj 93<br \/>\nVila Mariana<br \/>\nS\u00e3o Paulo \u2013 SP<br \/>\nTel.: (11) 55738314<\/p>\n<p><a name=\"T\"><\/a><br \/>\n<a href=\"#A\">A<\/a> | <a href=\"#B\">B<\/a> | <a href=\"#C\">C<\/a> | <a href=\"#D\">D<\/a> | <a href=\"#E\">E<\/a> | <a href=\"#F\">F<\/a> | <a href=\"#G\">G<\/a> | <a href=\"#H\">H<\/a> | <a href=\"#I\">I<\/a> | <a href=\"#J\">J<\/a> | <a href=\"#K\">K<\/a> | <a href=\"#L\">L<\/a> | <a href=\"#M\">M<\/a> | <a href=\"#N\">N<\/a> | <a href=\"#O\">O<\/a> | <a href=\"#P\">P<\/a> | <a href=\"#Q\">Q<\/a> | <a href=\"#R\">R<\/a> | <a href=\"#S\">S<\/a> | <strong>T<\/strong> | <a href=\"#U\">U<\/a> | <a href=\"#V\">V<\/a> | <a href=\"#W\">W<\/a> | <a href=\"#X\">X<\/a> | <a href=\"#Y\">Y<\/a> | <a href=\"#Z\">Z<\/a><\/p>\n<p><strong>Ta\u00edsa Nerath Martinelli<\/strong>\u00a0(membro associado)<br \/>\nmartinellitaisa@gmail.com<br \/>\nRua da Consola\u00e7\u00e3o, 2840, apto 82<br \/>\nCerqueira C\u00e9sar<br \/>\nS\u00e3o Paulo &#8211; SP<br \/>\nTel: (11) 98608-9777<\/p>\n<p><strong>Talita Arruda Tavares<\/strong> (membro associado)<br \/>\ntalita.psicologia@yahoo.com.br<br \/>\nRua Artur de Azevedo 2103, cj 63<br \/>\nS\u00e3o Paulo &#8211; SP<br \/>\nTel: (11) 98324-5601<\/p>\n<p><strong>T\u00e2nia Carla de Camargo<\/strong> (membro associado)<br \/>\ntccamargo3@hotmail.com<br \/>\nRua Othon Feliciano,02, sala 122<br \/>\nEd. Olga- Gonzaga<br \/>\nSantos \u2013 SP<br \/>\nTel.: (13) 99122-6161<br \/>\ne<br \/>\nAv. Pres. Costa e Silva,609, sala 701<br \/>\nEd. Milas &#8211; Boqueir\u00e3o<br \/>\nPraia Grande \u2013 SP<\/p>\n<p><strong>Tania Maria Jos\u00e9 Aiello Vaisberg<\/strong> (membro efetivo)<br \/>\naiello.vaisberg@gmail.com<br \/>\nRua Cristiano Viana 441, conjunto 21<br \/>\nS\u00e3o Paulo &#8211; SP<br \/>\nTel.: (11) 98187-4855<\/p>\n<p><strong>Tereza Marques de Oliveira<\/strong> (membro efetivo)<br \/>\ntereza.m.o@hotmail.com<br \/>\nRua Joaquim Antunes, 490, cj 22<br \/>\nPinheiros<br \/>\nS\u00e3o Paulo\u2028- SP<br \/>\nTel.: (11) 3088-4197<\/p>\n<p><strong>Tha\u00eds Franz\u00e9<\/strong> (membro efetivo)<br \/>\nthaisfranze@hotmail.com<br \/>\nAv. Ang\u00e9lica, 2632, conjunto 93<br \/>\nHigien\u00f3polis<br \/>\nS\u00e3o Paulo\/SP<br \/>\nTel.: (11) 971696821<\/p>\n<p>&nbsp;<\/p>\n<p><a name=\"U\"><\/a><a name=\"V\"><\/a><br \/>\n<a href=\"#A\">A<\/a> | <a href=\"#B\">B<\/a> | <a href=\"#C\">C<\/a> | <a href=\"#D\">D<\/a> | <a href=\"#E\">E<\/a> | <a href=\"#F\">F<\/a> | <a href=\"#G\">G<\/a> | <a href=\"#H\">H<\/a> | <a href=\"#I\">I<\/a> | <a href=\"#J\">J<\/a> | <a href=\"#K\">K<\/a> | <a href=\"#L\">L<\/a> | <a href=\"#M\">M<\/a> | <a href=\"#N\">N<\/a> | <a href=\"#O\">O<\/a> | <a href=\"#P\">P<\/a> | <a href=\"#Q\">Q<\/a> | <a href=\"#R\">R<\/a> | <a href=\"#S\">S<\/a> | <a href=\"#T\">T<\/a> | <a href=\"#U\">U<\/a> | <strong>V<\/strong> | <a href=\"#W\">W<\/a> | <a href=\"#X\">X<\/a> | <a href=\"#Y\">Y<\/a> | <a href=\"#Z\">Z<\/a><\/p>\n<p><strong>Vanessa Chreim<\/strong> (membro associado)<br \/>\nvachreim@hotmail.com<br \/>\nRua C\u00f4nego Eug\u00eanio Leite 933 cj.72<br \/>\nPinheiros<br \/>\nS\u00e3o Paulo &#8211; SP<br \/>\nTel.: (11) 99159-5062<\/p>\n<p><strong>Vanessa Cristina de Freitas<\/strong><br \/>\nvanessac.freitas@hotmail.com<br \/>\n<strong><br \/>\nVera Resende<\/strong> (membro efetivo)<br \/>\nAv. Copacabana, 112, cj 1113 e 1114<br \/>\nAlphaville<br \/>\nBarueri -SP<br \/>\nTel.: (11) 4302-6422 e (11) 97266-2204<\/p>\n<p><strong>Vivian Confessoro Yadoya<\/strong> (membro associado)<br \/>\nvivianconf@gmail.com<br \/>\nRua Paulist\u00e2nia, 242<br \/>\nVila Madalena<br \/>\nS\u00e3o Paulo \u2013 SP<br \/>\nTel.: (11) 99367-2708<\/p>\n<p><a name=\"W\"><\/a><a name=\"X\"><\/a><a name=\"Y\"><\/a><a name=\"Z\"><\/a><br \/>\n<a href=\"#A\">A<\/a> | <a href=\"#B\">B<\/a> | <a href=\"#C\">C<\/a> | <a href=\"#D\">D<\/a> | <a href=\"#E\">E<\/a> | <a href=\"#F\">F<\/a> | <a href=\"#G\">G<\/a> | <a href=\"#H\">H<\/a> | <a href=\"#I\">I<\/a> | <a href=\"#J\">J<\/a> | <a href=\"#K\">K<\/a> | <a href=\"#L\">L<\/a> | <a href=\"#M\">M<\/a> | <a href=\"#N\">N<\/a> | <a href=\"#O\">O<\/a> | <a href=\"#P\">P<\/a> | <a href=\"#Q\">Q<\/a> | <a href=\"#R\">R<\/a> | <a href=\"#S\">S<\/a> | <a href=\"#T\">T<\/a> | <a href=\"#U\">U<\/a> | <a href=\"#V\">V<\/a> | <strong>W<\/strong> | <a href=\"#X\">X<\/a> | <a href=\"#Y\">Y<\/a> | <a href=\"#Z\">Z<\/a><\/p>\n<p><strong>Wagner Ran\u00f1a<\/strong> (membro efetivo)<br \/>\nwranna@uol.com.br<br \/>\nRua Turiassu 143<br \/>\nS\u00e3o Paulo &#8211; SP<br \/>\nTel: (11) 3825-0326<\/p>\n","protected":false},"excerpt":{"rendered":"<p>A | B | C | D | E |<\/p>\n","protected":false},"author":1,"featured_media":0,"comment_status":"closed","ping_status":"closed","sticky":false,"template":"","format":"standard","meta":{"content-type":""},"categories":[64],"tags":[],"_links":{"self":[{"href":"https:\/\/sedes.org.br\/Departamentos\/Psicanalise_da_crianca\/index.php?rest_route=\/wp\/v2\/posts\/840"}],"collection":[{"href":"https:\/\/sedes.org.br\/Departamentos\/Psicanalise_da_crianca\/index.php?rest_route=\/wp\/v2\/posts"}],"about":[{"href":"https:\/\/sedes.org.br\/Departamentos\/Psicanalise_da_crianca\/index.php?rest_route=\/wp\/v2\/types\/post"}],"author":[{"embeddable":true,"href":"https:\/\/sedes.org.br\/Departamentos\/Psicanalise_da_crianca\/index.php?rest_route=\/wp\/v2\/users\/1"}],"replies":[{"embeddable":true,"href":"https:\/\/sedes.org.br\/Departamentos\/Psicanalise_da_crianca\/index.php?rest_route=%2Fwp%2Fv2%2Fcomments&post=840"}],"version-history":[{"count":68,"href":"https:\/\/sedes.org.br\/Departamentos\/Psicanalise_da_crianca\/index.php?rest_route=\/wp\/v2\/posts\/840\/revisions"}],"predecessor-version":[{"id":6244,"href":"https:\/\/sedes.org.br\/Departamentos\/Psicanalise_da_crianca\/index.php?rest_route=\/wp\/v2\/posts\/840\/revisions\/6244"}],"wp:attachment":[{"href":"https:\/\/sedes.org.br\/Departamentos\/Psicanalise_da_crianca\/index.php?rest_route=%2Fwp%2Fv2%2Fmedia&parent=840"}],"wp:term":[{"taxonomy":"category","embeddable":true,"href":"https:\/\/sedes.org.br\/Departamentos\/Psicanalise_da_crianca\/index.php?rest_route=%2Fwp%2Fv2%2Fcategories&post=840"},{"taxonomy":"post_tag","embeddable":true,"href":"https:\/\/sedes.org.br\/Departamentos\/Psicanalise_da_crianca\/index.php?rest_route=%2Fwp%2Fv2%2Ftags&post=840"}],"curies":[{"name":"wp","href":"https:\/\/api.w.org\/{rel}","templated":true}]}}