{"id":904,"date":"2013-04-15T17:30:56","date_gmt":"2013-04-15T20:30:56","guid":{"rendered":"http:\/\/sedes.mopen.com.br\/Departamentos\/Psicanalise_da_crianca\/?p=904"},"modified":"2013-09-30T15:33:39","modified_gmt":"2013-09-30T18:33:39","slug":"informativo-1","status":"publish","type":"post","link":"https:\/\/sedes.org.br\/Departamentos\/Psicanalise_da_crianca\/?p=904","title":{"rendered":"<b>informativo #1:<\/b><br>Movimento Psican\u00e1lise, Autismo e Sa\u00fade P\u00fablica"},"content":{"rendered":"<p><strong>Carta enviada pelo Departamento de Psican\u00e1lise da Crian\u00e7a, posicionando-se frente \u00e0 consulta p\u00fablica promovida pelo Minist\u00e9rio da Sa\u00fade, acerca do atendimento de portadores de autismo:<\/strong><\/p>\n<p>\u00c9 com satisfa\u00e7\u00e3o que o Departamento Psican\u00e1lise da Crian\u00e7a do Instituto Sedes Sapientiae vem manifestar seu apoio ao importante documento LINHA DE CUIDADO NA ATEN\u00c7\u00c3O INTEGRAL \u00c0S PESSOAS COM TRANSTORNO DO ESPECTRO DO AUTISMO E SUAS FAM\u00cdLIAS NO SISTEMA \u00daNICO DE SA\u00daDE. Consideramos que o manual alcan\u00e7a o objetivo visado de nortear a\u00e7\u00f5es de gestores e profissionais, apresentando diretrizes e orienta\u00e7\u00f5es imprescind\u00edveis para a detec\u00e7\u00e3o precoce de risco, diagn\u00f3stico e aten\u00e7\u00e3o \u00e0 pessoa com autismo e sua fam\u00edlia. Destacamos nossa especial concord\u00e2ncia com alguns aspectos presentes no manual: aten\u00e7\u00e3o \u00e0 subjetividade e singularidade da pessoa com autismo e sua fam\u00edlia, sem neglig\u00eancia ao desenvolvimento da autonomia e capacidades globais; acolhida \u00e0 diferentes concep\u00e7\u00f5es sobre o quadro sem privil\u00e9gio de qualquer abordagem te\u00f3rica ou terap\u00eautica, incluindo atendimento multidisciplinar; \u00eanfase na necess\u00e1ria atua\u00e7\u00e3o articulada dos diferentes dispositivos de sa\u00fade que comp\u00f5em a Rede de Aten\u00e7\u00e3o Psicossocial; e disposi\u00e7\u00e3o de implementar a necess\u00e1ria articula\u00e7\u00e3o intersetorial (sa\u00fade mental, educa\u00e7\u00e3o, justi\u00e7a e assist\u00eancia social) para responder \u00e0 complexidade da inclus\u00e3o total das pessoas com autismo e seus familiares. Como integrantes do Instituto Sedes Sapientiae, institui\u00e7\u00e3o cuja import\u00e2ncia na forma\u00e7\u00e3o de profissionais da \u00e1rea de sa\u00fade mental \u00e9 reconhecida, e como Departamento comprometido h\u00e1 mais de 20 anos com a forma\u00e7\u00e3o de analistas de crian\u00e7as, n\u00f3s, do Departamento de Psican\u00e1lise da Crian\u00e7a, nos vemos impelidos a contribuir afirmando a necessidade imperiosa de que seja implementado um plano consistente de forma\u00e7\u00e3o dos profissionais trabalhadores da \u00e1rea de sa\u00fade mental, inclusive e especialmente devido \u00e0 especificidade da aten\u00e7\u00e3o \u00e0 inf\u00e2ncia. Consideramos ainda, e dentro do esp\u00edrito que norteia o manual, que formar profissionais para atender crian\u00e7as com autismo e suas fam\u00edlias \u00e9 form\u00e1-los para a sa\u00fade mental das crian\u00e7as de forma geral.<\/p>\n<p>Atenciosamente,<\/p>\n<p>Departamento de Psican\u00e1lise da Crian\u00e7a do Instituto Sedes Sapientiae<\/p>\n<p>(Obs: carta enviada em mar\u00e7o de 2013)<\/p>\n<p>PARA OBTER MAIORES INFORMA\u00c7\u00d5ES SOBRE O MOVIMENTO QUE EST\u00c1 ACONTECENDO SOBRE O AUTISMO, ACESSE: <a href=\"http:\/\/psicanaliseautismoesaudepublica.wordpress.com\" target=\"_blank\">http:\/\/psicanaliseautismoesaudepublica.wordpress.com<\/a><\/p>\n<hr \/>\n<p>TEXTO DE MARIA DIAS SOARES PARA O BOLETIM DE MAR\/2013, ENFOCANDO OS ACONTECIMENTOS EM S\u00c3O PAULO SOBRE O AUTISMO E A PSICAN\u00c1LISE, E AS REPERCUSS\u00d5ES NO INSTITUTO E NO DEPARTAMENTO:<\/p>\n<p><strong>Psican\u00e1lise em S\u00e3o Paulo: ecos da Fran\u00e7a?<\/strong><\/p>\n<p>Maria Dias Soares*<\/p>\n<p>No Boletim anterior, o texto de Alessandra Barbieri \u201cAutismo e Psican\u00e1lise: Noticias da Fran\u00e7a\u201d nos falava dos ataques que a Psican\u00e1lise vem sofrendo na Fran\u00e7a no que tange ao tratamento do autismo e que a HAS (Haute Autorit\u00e9 de Sant\u00e9), a mais alta inst\u00e2ncia sanit\u00e1ria francesa recomenda para casos diagnosticados como autismo, que se iniciem precocemente interven\u00e7\u00f5es fundadas sobre um aporte educativo, comportamental e desenvolvimentista.<\/p>\n<p>Bem, parece que estes ventos por aqui chegaram &#8230;<\/p>\n<p>Em 4 de setembro de 2012, foi noticiado pelo Di\u00e1rio oficial do Estado de S\u00e3o Paulo, Edital de Convoca\u00e7\u00e3o para Credenciamento pela Secretaria Estadual de Sa\u00fade (SES) de Institui\u00e7\u00f5es Especializadas em Atendimento a Pacientes com Transtorno do Espectro Autista (Tea). Tal edital especificava que os psic\u00f3logos deveriam ser \u201ccomprovadamente da linha Cognitivo Comportamental\u201d, al\u00e9m de ser exigido do respons\u00e1vel pela institui\u00e7\u00e3o uma declara\u00e7\u00e3o de que ali s\u00f3 se utilizasse \u201cm\u00e9todos cognitivos comportamentais validados na literatura cient\u00edfica\u201d, cabendo tamb\u00e9m a estes profissionais a avalia\u00e7\u00e3o psicol\u00f3gica do n\u00edvel cognitivo e comportamental dos pacientes.<\/p>\n<p>Alguns dias ap\u00f3s, ficamos sabendo do fechamento do CRIA-UNIFESP (Centro de Referencia da Inf\u00e2ncia e Adolesc\u00eancia), institui\u00e7\u00e3o que, desde 2002, vem se dedicando ao atendimento de beb\u00eas, adolescentes e crian\u00e7as, e seus familiares, atrav\u00e9s de um s\u00e9rio trabalho interdisciplinar.<\/p>\n<p>Ap\u00f3s dez anos de parceria, o CRIA foi notificado de que n\u00e3o receber\u00e1 mais o apoio financeiro da Secretaria Estadual de Sa\u00fade do Estado, inviabilizando os atendimentos e servi\u00e7os l\u00e1 prestados e desrespeitando de forma inconsequente e leviana os v\u00ednculos terap\u00eauticos ali constru\u00eddos.<\/p>\n<p>Os motivos alegados no of\u00edcio enviado pela SES s\u00e3o por este servi\u00e7o n\u00e3o atender exclusivamente pacientes autistas e psic\u00f3ticos, sendo esta a atual orienta\u00e7\u00e3o da Secretaria, e, tamb\u00e9m, por ter uma abordagem \u201cessencialmente psicanal\u00edtica, fugindo um pouco ao mainstream da psiquiatria atual\u201d. E segue: \u201cN\u00e3o h\u00e1 evid\u00eancias cientificas de sua efetividade (terapias de base anal\u00edtica), al\u00e9m de ser muito seletiva e pouco abrangente\u201d.<\/p>\n<p>Tais acontecimentos tornam evidente uma tend\u00eancia que vem prevalecendo no sistema estadual de sa\u00fade. \u00c9 com preocupa\u00e7\u00e3o cada vez maior que acompanhamos a desqualifica\u00e7\u00e3o da psican\u00e1lise dentro da rede publica, sob a forma de medidas discriminat\u00f3rias, restritivas e autorit\u00e1rias, configurando um evidente retrocesso na pol\u00edtica de sa\u00fade p\u00fablica. Impor uma forma \u00fanica e exclusiva de abordagem terap\u00eautica no atendimento do autismo \u00e9, a nosso entender, um total reducionismo da pluralidade de olhares, compreens\u00e3o e de abordagens terap\u00eauticas que o sofrimento humano requer.<\/p>\n<p>Esses graves acontecimentos tiveram uma forte repercuss\u00e3o na comunidade psicanal\u00edtica que se uniu quando se viu convocada a debater respostas, posicionamentos e pensar a\u00e7\u00f5es para fazer frente a este movimento reducionista que, ao limitar as abordagens<br \/>\nterap\u00eauticas, ignora o debate necess\u00e1rio na comunidade cient\u00edfica e os testemunhos de avan\u00e7os terap\u00eauticos realizados com outras abordagens, tais como os promovidos pela psican\u00e1lise a v\u00e1rias d\u00e9cadas.<\/p>\n<p>Assim,<\/p>\n<ul>\n<li>No Sedes, os cursos e departamentos de psican\u00e1lise se alinharam e se uniram \u00e0 Diretoria e \u00e0 cl\u00ednica psicol\u00f3gica do Instituto, enviando carta dirigida \u00e0 Secretaria de Sa\u00fade, ao CRP e ao CFP, questionando e alertando sobre os riscos das \u00faltimas medidas da SES . Al\u00e9m disso, em conversa entre os departamentos, tem se pensado em uma s\u00e9rie de eventos interdepartamentais que possam promover a discuss\u00e3o tanto do autismo e a psican\u00e1lise, como ampli\u00e1-la para sa\u00fade publica e psican\u00e1lise.<\/li>\n<li>Numa iniciativa coletiva, psicanalistas e terapeutas de mais de trinta institui\u00e7\u00f5es de orienta\u00e7\u00e3o psicanal\u00edtica ligadas ao atendimento destas crian\u00e7as v\u00e3o se encontrar em dezembro, no intuito de organizar grupos de\u00a0trabalho para a produ\u00e7\u00e3o de material consistente para responder ao movimento de desqualifica\u00e7\u00e3o do tratamento psicanal\u00edtico do\u00a0autismo. V\u00e1rios professores do curso e membros do departamento se inscreveram para participar desta reuni\u00e3o.<\/li>\n<\/ul>\n<p>A ideia final \u00e9 apresentar as produ\u00e7\u00f5es dos grupos de trabalho em uma Jornada, inicialmente proposta para os dias 30 e 31 de mar\u00e7o de 2013, no Instituto de Psicologia da Universidade de S\u00e3o Paulo, com bastante divulga\u00e7\u00e3o da m\u00eddia.<\/p>\n<p><em>Nota da editora: o texto acima foi escrito em 04\/12\/2012. Aproximadamente dez dias depois, fomos informados de que a SES reviu sua decis\u00e3o e suspendeu o fechamento do CRIA. A mobiliza\u00e7\u00e3o da comunidade psicanal\u00edtica segue firme.<\/em><\/p>\n<p>&#8212;<br \/>\n[*] Coordenadora do Departamento de Psican\u00e1lise da Crian\u00e7a do ISS.<\/p>\n","protected":false},"excerpt":{"rendered":"<p>Carta enviada pelo Departamento de Psican\u00e1lise da Crian\u00e7a, posicionando-se frente<\/p>\n","protected":false},"author":1,"featured_media":0,"comment_status":"closed","ping_status":"closed","sticky":false,"template":"","format":"standard","meta":{"content-type":""},"categories":[68],"tags":[],"_links":{"self":[{"href":"https:\/\/sedes.org.br\/Departamentos\/Psicanalise_da_crianca\/index.php?rest_route=\/wp\/v2\/posts\/904"}],"collection":[{"href":"https:\/\/sedes.org.br\/Departamentos\/Psicanalise_da_crianca\/index.php?rest_route=\/wp\/v2\/posts"}],"about":[{"href":"https:\/\/sedes.org.br\/Departamentos\/Psicanalise_da_crianca\/index.php?rest_route=\/wp\/v2\/types\/post"}],"author":[{"embeddable":true,"href":"https:\/\/sedes.org.br\/Departamentos\/Psicanalise_da_crianca\/index.php?rest_route=\/wp\/v2\/users\/1"}],"replies":[{"embeddable":true,"href":"https:\/\/sedes.org.br\/Departamentos\/Psicanalise_da_crianca\/index.php?rest_route=%2Fwp%2Fv2%2Fcomments&post=904"}],"version-history":[{"count":14,"href":"https:\/\/sedes.org.br\/Departamentos\/Psicanalise_da_crianca\/index.php?rest_route=\/wp\/v2\/posts\/904\/revisions"}],"predecessor-version":[{"id":1340,"href":"https:\/\/sedes.org.br\/Departamentos\/Psicanalise_da_crianca\/index.php?rest_route=\/wp\/v2\/posts\/904\/revisions\/1340"}],"wp:attachment":[{"href":"https:\/\/sedes.org.br\/Departamentos\/Psicanalise_da_crianca\/index.php?rest_route=%2Fwp%2Fv2%2Fmedia&parent=904"}],"wp:term":[{"taxonomy":"category","embeddable":true,"href":"https:\/\/sedes.org.br\/Departamentos\/Psicanalise_da_crianca\/index.php?rest_route=%2Fwp%2Fv2%2Fcategories&post=904"},{"taxonomy":"post_tag","embeddable":true,"href":"https:\/\/sedes.org.br\/Departamentos\/Psicanalise_da_crianca\/index.php?rest_route=%2Fwp%2Fv2%2Ftags&post=904"}],"curies":[{"name":"wp","href":"https:\/\/api.w.org\/{rel}","templated":true}]}}