{"id":930,"date":"2013-04-15T19:35:07","date_gmt":"2013-04-15T19:35:07","guid":{"rendered":"http:\/\/sedes.mopen.com.br\/Departamentos\/Psicanalise_da_crianca\/?p=930"},"modified":"2022-12-05T15:53:44","modified_gmt":"2022-12-05T18:53:44","slug":"revistas","status":"publish","type":"post","link":"https:\/\/sedes.org.br\/Departamentos\/Psicanalise_da_crianca\/?p=930","title":{"rendered":"revistas"},"content":{"rendered":"<p><div class=\"fusion-fullwidth fullwidth-box fusion-builder-row-1 fusion-flex-container nonhundred-percent-fullwidth non-hundred-percent-height-scrolling\" style=\"background-color: rgba(255,255,255,0);background-position: center center;background-repeat: no-repeat;border-width: 0px 0px 0px 0px;border-color:var(--awb-color4);border-style:solid;\" ><div class=\"fusion-builder-row fusion-row fusion-flex-align-items-flex-start\" style=\"max-width:1365px;margin-left: calc(-5% \/ 2 );margin-right: calc(-5% \/ 2 );\"><div class=\"fusion-layout-column fusion_builder_column fusion-builder-column-0 fusion_builder_column_1_1 1_1 fusion-flex-column\"><div class=\"fusion-column-wrapper fusion-flex-justify-content-flex-start fusion-content-layout-column\" style=\"background-position:left top;background-repeat:no-repeat;-webkit-background-size:cover;-moz-background-size:cover;-o-background-size:cover;background-size:cover;padding: 0px 0px 0px 0px;\"><div class=\"fusion-text fusion-text-1\"><p>Informa\u00e7\u00f5es para consulta e\/ou aquisi\u00e7\u00e3o: <a href=\"mailto:psicanalisedacrianca.sedes@gmail.com\">psicanalisedacrianca.sedes@gmail.com<\/a><\/p>\n<\/div><\/div><style type=\"text\/css\">.fusion-body .fusion-builder-column-0{width:100% !important;margin-top : 0px;margin-bottom : 0px;}.fusion-builder-column-0 > .fusion-column-wrapper {padding-top : 0px !important;padding-right : 0px !important;margin-right : 2.375%;padding-bottom : 0px !important;padding-left : 0px !important;margin-left : 2.375%;}@media only screen and (max-width:1177px) {.fusion-body .fusion-builder-column-0{width:100% !important;}.fusion-builder-column-0 > .fusion-column-wrapper {margin-right : 2.375%;margin-left : 2.375%;}}@media only screen and (max-width:700px) {.fusion-body .fusion-builder-column-0{width:100% !important;}.fusion-builder-column-0 > .fusion-column-wrapper {margin-right : 2.375%;margin-left : 2.375%;}}<\/style><\/div><\/div><style type=\"text\/css\">.fusion-body .fusion-flex-container.fusion-builder-row-1{ padding-top : 0px;margin-top : 0px;padding-right : 0px;padding-bottom : 0px;margin-bottom : 0px;padding-left : 0px;}<\/style><\/div><div class=\"fusion-fullwidth fullwidth-box fusion-builder-row-2 fusion-flex-container has-pattern-background has-mask-background nonhundred-percent-fullwidth non-hundred-percent-height-scrolling\" style=\"background-color: rgba(255,255,255,0);background-position: center center;background-repeat: no-repeat;border-width: 0px 0px 0px 0px;border-color:var(--awb-color4);border-style:solid;\" ><div class=\"fusion-builder-row fusion-row fusion-flex-align-items-flex-start\" style=\"max-width:1365px;margin-left: calc(-5% \/ 2 );margin-right: calc(-5% \/ 2 );\"><div class=\"fusion-layout-column fusion_builder_column fusion-builder-column-1 fusion_builder_column_1_2 1_2 fusion-flex-column\"><div class=\"fusion-column-wrapper fusion-flex-justify-content-flex-start fusion-content-layout-column\" style=\"background-position:left top;background-repeat:no-repeat;-webkit-background-size:cover;-moz-background-size:cover;-o-background-size:cover;background-size:cover;padding: 0px 0px 0px 0px;\"><div class=\"fusion-text fusion-text-2\"><p><img class=\"lazyload \" title=\"espaco1\" src=\"data:image\/svg+xml,%3Csvg%20xmlns%3D%27http%3A%2F%2Fwww.w3.org%2F2000%2Fsvg%27%20width%3D%27170%27%20height%3D%27231%27%20viewBox%3D%270%200%20170%20231%27%3E%3Crect%20width%3D%27170%27%20height%3D%27231%27%20fill-opacity%3D%220%22%2F%3E%3C%2Fsvg%3E\" data-orig-src=\"http:\/\/sedes.org.br\/Departamentos\/Psicanalise_da_crianca\/wp-content\/uploads\/2012\/09\/espaco1.jpg\" alt=\"\" width=\"170\" height=\"231\" \/><\/p>\n<h4><strong>Espa\u00e7o Crian\u00e7a &#8211; Escritos Psicanal\u00edticos v. I<\/strong><\/h4>\n<p>Departamento &#8211; Psican\u00e1lise da Crian\u00e7a do Instituto Sedes Sapientiae<br \/>\nS\u00e3o Paulo &#8211; 1995 &#8211; N\u00ba1 &#8211; V1<br \/>\nN\u00ba de p\u00e1ginas: 44<\/p>\n<p>\u00cdNDICE<\/p>\n<p><em>Editorial<\/em><br \/>\nLia Pitliuk<\/p>\n<p><em>A crian\u00e7a de ontem e de hoje<\/em><br \/>\nCristina Maria Cortezzi Reis<\/p>\n<p><em>A potencialidade melanc\u00f3lica<\/em><br \/>\nMaria L\u00facia Vieira Violante<\/p>\n<p><em>Interpreta\u00e7\u00e3o por meio de uma figura<\/em><br \/>\nMauro Meiches<\/p>\n<p><em>Sonhar ou fantasiar<\/em><br \/>\nMaria Ivone Accioly Lins<\/p>\n<p><em>O infantil em Ferenczi e o problema da ingenuidade &#8211; parte 1<\/em><br \/>\nDecio Gurfinkel<\/p>\n<p><em>A inf\u00e2ncia: o lugar da crian\u00e7a, do adulto e da impunidade<\/em><br \/>\nCecilia Maria de Brito Orsini<\/p>\n<p><em>Entrevista com Virg\u00ednia Leone Bicudo<\/em><br \/>\nAfr\u00e2nio de Matos Ferreira, Djanira Am\u00e9lia da Silva, Lia Leite Capasso<\/p>\n<\/div><\/div><style type=\"text\/css\">.fusion-body .fusion-builder-column-1{width:50% !important;margin-top : 0px;margin-bottom : 20px;}.fusion-builder-column-1 > .fusion-column-wrapper {padding-top : 0px !important;padding-right : 0px !important;margin-right : 4.75%;padding-bottom : 0px !important;padding-left : 0px !important;margin-left : 4.75%;}@media only screen and (max-width:1177px) {.fusion-body .fusion-builder-column-1{width:50% !important;order : 0;}.fusion-builder-column-1 > .fusion-column-wrapper {margin-right : 4.75%;margin-left : 4.75%;}}@media only screen and (max-width:700px) {.fusion-body .fusion-builder-column-1{width:100% !important;order : 0;}.fusion-builder-column-1 > .fusion-column-wrapper {margin-right : 2.375%;margin-left : 2.375%;}}<\/style><\/div><div class=\"fusion-layout-column fusion_builder_column fusion-builder-column-2 fusion_builder_column_1_2 1_2 fusion-flex-column\"><div class=\"fusion-column-wrapper fusion-flex-justify-content-flex-start fusion-content-layout-column\" style=\"background-position:left top;background-repeat:no-repeat;-webkit-background-size:cover;-moz-background-size:cover;-o-background-size:cover;background-size:cover;padding: 0px 0px 0px 0px;\"><div class=\"fusion-text fusion-text-3\"><p><img class=\"lazyload \" title=\"espaco2\" src=\"data:image\/svg+xml,%3Csvg%20xmlns%3D%27http%3A%2F%2Fwww.w3.org%2F2000%2Fsvg%27%20width%3D%27170%27%20height%3D%27236%27%20viewBox%3D%270%200%20170%20236%27%3E%3Crect%20width%3D%27170%27%20height%3D%27236%27%20fill-opacity%3D%220%22%2F%3E%3C%2Fsvg%3E\" data-orig-src=\"http:\/\/sedes.org.br\/Departamentos\/Psicanalise_da_crianca\/wp-content\/uploads\/2012\/09\/espaco21.jpg\" alt=\"\" width=\"170\" height=\"236\" \/><\/p>\n<h4><strong>Espa\u00e7o Crian\u00e7a &#8211; Escritos Psicanal\u00edticos v. 2<\/strong><\/h4>\n<p>Departamento &#8211; Psican\u00e1lise da Crian\u00e7a do Instituto Sedes Sapientiae<br \/>\nS\u00e3o Paulo &#8211; 1996 &#8211; N\u00ba1 \u2013 v. 2<br \/>\nN\u00ba de p\u00e1ginas: 38<\/p>\n<p>\u00cdNDICE<\/p>\n<p><em>Editorial<\/em><br \/>\nMary Ono<\/p>\n<p><em>O infantil na psican\u00e1lise &#8211; Atualidade cl\u00ednica e te\u00f3rica<\/em><br \/>\nBernardo Tanis<\/p>\n<p><em>Do infantil na psican\u00e1lise \u00e0 psican\u00e1lise da crian\u00e7a na escola kleiniana<\/em><br \/>\nAudrey Setton Lopes de Souza<\/p>\n<p><em>O grupo psicanal\u00edtico e o infantil em psican\u00e1lise<\/em><br \/>\nElsa Vera Kunze Post Susemihl<\/p>\n<p><em>Sobre o m\u00e9todo de observa\u00e7\u00e3o das rela\u00e7\u00f5es m\u00e3e-beb\u00ea-fam\u00edlia<\/em><br \/>\nMagaly Miranda Marconato<\/p>\n<p><em>O trabalho n\u00e3o verbal na an\u00e1lise de crian\u00e7as<\/em><br \/>\nGilberto Safra<\/p>\n<p><em>O infantil em Ferenczi e o problema da ingenuidade &#8211; parte 2<\/em><br \/>\nDecio Gurfinkel<\/p>\n<\/div><\/div><style type=\"text\/css\">.fusion-body .fusion-builder-column-2{width:50% !important;margin-top : 0px;margin-bottom : 20px;}.fusion-builder-column-2 > .fusion-column-wrapper {padding-top : 0px !important;padding-right : 0px !important;margin-right : 4.75%;padding-bottom : 0px !important;padding-left : 0px !important;margin-left : 4.75%;}@media only screen and (max-width:1177px) {.fusion-body .fusion-builder-column-2{width:50% !important;order : 0;}.fusion-builder-column-2 > .fusion-column-wrapper {margin-right : 4.75%;margin-left : 4.75%;}}@media only screen and (max-width:700px) {.fusion-body .fusion-builder-column-2{width:100% !important;order : 0;}.fusion-builder-column-2 > .fusion-column-wrapper {margin-right : 2.375%;margin-left : 2.375%;}}<\/style><\/div><\/div><style type=\"text\/css\">.fusion-body .fusion-flex-container.fusion-builder-row-2{ padding-top : 0px;margin-top : 0px;padding-right : 0px;padding-bottom : 0px;margin-bottom : 0px;padding-left : 0px;}<\/style><\/div><\/p>\n","protected":false},"excerpt":{"rendered":"","protected":false},"author":1,"featured_media":0,"comment_status":"closed","ping_status":"closed","sticky":false,"template":"","format":"standard","meta":{"content-type":""},"categories":[8],"tags":[],"_links":{"self":[{"href":"https:\/\/sedes.org.br\/Departamentos\/Psicanalise_da_crianca\/index.php?rest_route=\/wp\/v2\/posts\/930"}],"collection":[{"href":"https:\/\/sedes.org.br\/Departamentos\/Psicanalise_da_crianca\/index.php?rest_route=\/wp\/v2\/posts"}],"about":[{"href":"https:\/\/sedes.org.br\/Departamentos\/Psicanalise_da_crianca\/index.php?rest_route=\/wp\/v2\/types\/post"}],"author":[{"embeddable":true,"href":"https:\/\/sedes.org.br\/Departamentos\/Psicanalise_da_crianca\/index.php?rest_route=\/wp\/v2\/users\/1"}],"replies":[{"embeddable":true,"href":"https:\/\/sedes.org.br\/Departamentos\/Psicanalise_da_crianca\/index.php?rest_route=%2Fwp%2Fv2%2Fcomments&post=930"}],"version-history":[{"count":11,"href":"https:\/\/sedes.org.br\/Departamentos\/Psicanalise_da_crianca\/index.php?rest_route=\/wp\/v2\/posts\/930\/revisions"}],"predecessor-version":[{"id":3408,"href":"https:\/\/sedes.org.br\/Departamentos\/Psicanalise_da_crianca\/index.php?rest_route=\/wp\/v2\/posts\/930\/revisions\/3408"}],"wp:attachment":[{"href":"https:\/\/sedes.org.br\/Departamentos\/Psicanalise_da_crianca\/index.php?rest_route=%2Fwp%2Fv2%2Fmedia&parent=930"}],"wp:term":[{"taxonomy":"category","embeddable":true,"href":"https:\/\/sedes.org.br\/Departamentos\/Psicanalise_da_crianca\/index.php?rest_route=%2Fwp%2Fv2%2Fcategories&post=930"},{"taxonomy":"post_tag","embeddable":true,"href":"https:\/\/sedes.org.br\/Departamentos\/Psicanalise_da_crianca\/index.php?rest_route=%2Fwp%2Fv2%2Ftags&post=930"}],"curies":[{"name":"wp","href":"https:\/\/api.w.org\/{rel}","templated":true}]}}