{"id":936,"date":"2013-04-15T19:23:30","date_gmt":"2013-04-15T19:23:30","guid":{"rendered":"http:\/\/sedes.mopen.com.br\/Departamentos\/Psicanalise_da_crianca\/?p=936"},"modified":"2022-12-05T18:43:30","modified_gmt":"2022-12-05T21:43:30","slug":"livros","status":"publish","type":"post","link":"https:\/\/sedes.org.br\/Departamentos\/Psicanalise_da_crianca\/?p=936","title":{"rendered":"livros"},"content":{"rendered":"<p><div class=\"fusion-fullwidth fullwidth-box fusion-builder-row-1 fusion-flex-container has-pattern-background has-mask-background nonhundred-percent-fullwidth non-hundred-percent-height-scrolling\" style=\"background-color: rgba(255,255,255,0);background-position: center center;background-repeat: no-repeat;border-width: 0px 0px 0px 0px;border-color:var(--awb-color4);border-style:solid;\" ><div class=\"fusion-builder-row fusion-row fusion-flex-align-items-flex-start\" style=\"max-width:1365px;margin-left: calc(-5% \/ 2 );margin-right: calc(-5% \/ 2 );\"><div class=\"fusion-layout-column fusion_builder_column fusion-builder-column-0 fusion_builder_column_1_1 1_1 fusion-flex-column\"><div class=\"fusion-column-wrapper fusion-flex-justify-content-flex-start fusion-content-layout-column\" style=\"background-position:left top;background-repeat:no-repeat;-webkit-background-size:cover;-moz-background-size:cover;-o-background-size:cover;background-size:cover;padding: 0px 0px 0px 0px;\"><div class=\"fusion-text fusion-text-1\"><p>Informa\u00e7\u00f5es para consulta e\/ou aquisi\u00e7\u00e3o: <a href=\"mailto:psicanalisedacrianca.sedes@gmail.com\">psicanalisedacrianca.sedes@gmail.com<\/a><\/p>\n<\/div><\/div><style type=\"text\/css\">.fusion-body .fusion-builder-column-0{width:100% !important;margin-top : 0px;margin-bottom : 20px;}.fusion-builder-column-0 > .fusion-column-wrapper {padding-top : 0px !important;padding-right : 0px !important;margin-right : 2.375%;padding-bottom : 0px !important;padding-left : 0px !important;margin-left : 2.375%;}@media only screen and (max-width:1177px) {.fusion-body .fusion-builder-column-0{width:100% !important;order : 0;}.fusion-builder-column-0 > .fusion-column-wrapper {margin-right : 2.375%;margin-left : 2.375%;}}@media only screen and (max-width:700px) {.fusion-body .fusion-builder-column-0{width:100% !important;order : 0;}.fusion-builder-column-0 > .fusion-column-wrapper {margin-right : 2.375%;margin-left : 2.375%;}}<\/style><\/div><\/div><style type=\"text\/css\">.fusion-body .fusion-flex-container.fusion-builder-row-1{ padding-top : 0px;margin-top : 0px;padding-right : 0px;padding-bottom : 0px;margin-bottom : 0px;padding-left : 0px;}<\/style><\/div><div class=\"fusion-fullwidth fullwidth-box fusion-builder-row-2 fusion-flex-container has-pattern-background has-mask-background nonhundred-percent-fullwidth non-hundred-percent-height-scrolling\" style=\"background-color: rgba(255,255,255,0);background-position: center center;background-repeat: no-repeat;border-width: 0px 0px 0px 0px;border-color:var(--awb-color4);border-style:solid;\" ><div class=\"fusion-builder-row fusion-row fusion-flex-align-items-flex-start\" style=\"max-width:1365px;margin-left: calc(-5% \/ 2 );margin-right: calc(-5% \/ 2 );\"><div class=\"fusion-layout-column fusion_builder_column fusion-builder-column-1 fusion_builder_column_1_2 1_2 fusion-flex-column\"><div class=\"fusion-column-wrapper fusion-flex-justify-content-flex-start fusion-content-layout-column\" style=\"background-position:left top;background-repeat:no-repeat;-webkit-background-size:cover;-moz-background-size:cover;-o-background-size:cover;background-size:cover;padding: 0px 0px 0px 0px;\"><div class=\"fusion-text fusion-text-2\"><p><img class=\"lazyload\" title=\"photo_5\" src=\"data:image\/svg+xml,%3Csvg%20xmlns%3D%27http%3A%2F%2Fwww.w3.org%2F2000%2Fsvg%27%20width%3D%27170%27%20height%3D%27240%27%20viewBox%3D%270%200%20170%20240%27%3E%3Crect%20width%3D%27170%27%20height%3D%27240%27%20fill-opacity%3D%220%22%2F%3E%3C%2Fsvg%3E\" data-orig-src=\"http:\/\/sedes.org.br\/Departamentos\/Psicanalise_da_crianca\/wp-content\/uploads\/2013\/04\/photo_5.jpg\" alt=\"\" width=\"170\" height=\"240\" \/><\/p>\n<h4>Espa\u00e7o Potencial Winnicott \u2013 Diversidade e Interlocu\u00e7\u00e3o<\/h4>\n<p>Org. Afr\u00e2nio de Matos Ferreira<br \/>\nS\u00e3o Paulo : Landy Editora, 2007<br \/>\nN\u00ba de p\u00e1ginas: 230<\/p>\n<\/div><style type=\"text\/css\">#accordion-936-1 .fusion-panel:hover{ border-color: var(--awb-color4) } #accordion-936-1 .fusion-panel { border-color:var(--awb-color4); }.fusion-accordian  #accordion-936-1 .panel-title a .fa-fusion-box{ color: var(--awb-color1);}.fusion-accordian  #accordion-936-1 .panel-title a .fa-fusion-box:before{ font-size: 16px; width: 16px;}.fusion-accordian  #accordion-936-1 .panel-title a{color:var(--awb-color7);font-family:var(--awb-typography1-font-family);font-weight:var(--awb-typography1-font-weight);font-style:var(--awb-typography1-font-style);}.fusion-accordian  #accordion-936-1 .toggle-content{font-size:var(--awb-typography4-font-size);color:var(--awb-color7);font-family:var(--awb-typography4-font-family);font-weight:var(--awb-typography4-font-weight);font-style:var(--awb-typography4-font-style);}.fusion-accordian  #accordion-936-1 .fa-fusion-box { background-color: var(--awb-color8);border-color: var(--awb-color8);}.fusion-accordian  #accordion-936-1 .panel-title a:not(.active):hover, #accordion-936-1 .fusion-toggle-boxed-mode:hover .panel-title a { color: var(--awb-color5);}.fusion-accordian  #accordion-936-1 .panel-title .active .fa-fusion-box,.fusion-accordian  #accordion-936-1 .panel-title a:not(.active):hover .fa-fusion-box { background-color: var(--awb-color5)!important;border-color: var(--awb-color5)!important;}<\/style><div class=\"accordian fusion-accordian\"><div class=\"panel-group\" id=\"accordion-936-1\"><style type=\"text\/css\">.fusion-accordian  #accordion-936-1 .panel-6df1d2d37a0618c07 .panel-title a{color:var(--awb-color7);}.fusion-accordian  #accordion-936-1 .panel-6df1d2d37a0618c07 .toggle-content{color:var(--awb-color7);}<\/style><div class=\"fusion-panel panel-default panel-6df1d2d37a0618c07 fusion-toggle-no-divider\"><div class=\"panel-heading\"><h4 class=\"panel-title toggle\" id=\"toggle_6df1d2d37a0618c07\"><a aria-expanded=\"false\" aria-controls=\"6df1d2d37a0618c07\" role=\"button\" data-toggle=\"collapse\" data-parent=\"#accordion-936-1\" data-target=\"#6df1d2d37a0618c07\" href=\"#6df1d2d37a0618c07\"><span class=\"fusion-toggle-icon-wrapper\" aria-hidden=\"true\"><i class=\"fa-fusion-box active-icon fa-angle-double-up fas\" aria-hidden=\"true\"><\/i><i class=\"fa-fusion-box inactive-icon fa-angle-double-right fas\" aria-hidden=\"true\"><\/i><\/span><span class=\"fusion-toggle-heading\">\u00cdNDICE<\/span><\/a><\/h4><\/div><div id=\"6df1d2d37a0618c07\" class=\"panel-collapse collapse \" araia-labelledby=\"toggle_6df1d2d37a0618c07\"><div class=\"panel-body toggle-content fusion-clearfix\">\n<p><em>Apresenta\u00e7\u00e3o<\/em><br \/>\nAfr\u00e2nio de Matos Ferreira<br \/>\nMagaly Miranda Marconato<\/p>\n<p><em>Donald Woods Winnicott, um Olhar sobre sua Vida e Obra<\/em><br \/>\nAfr\u00e2nio de Matos Ferreira<\/p>\n<p><em>Jos\u00e9 Otoni Outeiral Visita o Espa\u00e7o Potencial Winnicott<\/em><\/p>\n<p><em>Semin\u00e1rio de Gilberto Safra no Sedes<\/em><\/p>\n<p><em>Psicossom\u00e1tica e Self<\/em><br \/>\nSueli Hisada<\/p>\n<p><em>Contribui\u00e7\u00f5es \u00e0 Cl\u00ednica da Psicossom\u00e1tica em Winnicott<\/em><br \/>\nRahel Boraks<\/p>\n<p><em>As Marcas Invis\u00edveis<\/em><br \/>\nSilvia Lobo<\/p>\n<p><em>Uma Veste para os Nossos Sonhos: O Lugar da Cultura no Pensamento de Winnicott<\/em><br \/>\nLuciana Bertini Godoy<\/p>\n<p><em>Marion Milner e Masud Khan: Duas Imagens \u00cdntimas<\/em><br \/>\nTales A. M. Ab&#8217; S\u00e1ber<\/p>\n<p><em>Winnicott e o Envelhecer<\/em><br \/>\nClara Brochsztain<\/p>\n<p><em>Consulta Psicoterap\u00eautica e Novas Demandas<\/em><br \/>\nVera da Rocha Resende<\/p>\n<p><em>Andorinhas sem Espelho: Os Moradores de Rua e a Religiosidade<\/em><br \/>\nA. Cristina Gomes Bueno<\/p>\n<p><em>Transitando por Consultas Terap\u00eauticas com o Olhar de Observadora da Rela\u00e7\u00e3o M\u00e3e Beb\u00ea Fam\u00edlia<\/em><br \/>\nMagaly Miranda Marconato<\/p>\n<p><em>Transicionalidade numa Consulta Terap\u00eautica Filmada: Resgatando a Capacidade de Dormir e Sonhar<\/em><br \/>\nMari\u00e2ngela Mendes de Almeida<\/p>\n<p><em>Maria Clara: O Sintoma a Servi\u00e7o da Sobreviv\u00eancia Ps\u00edquica da Fam\u00edlia<\/em><br \/>\nMaria Cec\u00edlia Pereira da Silva<\/p>\n<p><em>Mas Alla de La Transferencia: El Analista como Persona<\/em><br \/>\nAfr\u00e2nio de Matos Ferreira<\/p>\n<\/div><\/div><\/div><\/div><\/div><\/div><style type=\"text\/css\">.fusion-body .fusion-builder-column-1{width:50% !important;margin-top : 0px;margin-bottom : 20px;}.fusion-builder-column-1 > .fusion-column-wrapper {padding-top : 0px !important;padding-right : 0px !important;margin-right : 4.75%;padding-bottom : 0px !important;padding-left : 0px !important;margin-left : 4.75%;}@media only screen and (max-width:1177px) {.fusion-body .fusion-builder-column-1{width:50% !important;order : 0;}.fusion-builder-column-1 > .fusion-column-wrapper {margin-right : 4.75%;margin-left : 4.75%;}}@media only screen and (max-width:700px) {.fusion-body .fusion-builder-column-1{width:100% !important;order : 0;}.fusion-builder-column-1 > .fusion-column-wrapper {margin-right : 2.375%;margin-left : 2.375%;}}<\/style><\/div><div class=\"fusion-layout-column fusion_builder_column fusion-builder-column-2 fusion_builder_column_1_2 1_2 fusion-flex-column\"><div class=\"fusion-column-wrapper fusion-flex-justify-content-flex-start fusion-content-layout-column\" style=\"background-position:left top;background-repeat:no-repeat;-webkit-background-size:cover;-moz-background-size:cover;-o-background-size:cover;background-size:cover;padding: 0px 0px 0px 0px;\"><div class=\"fusion-text fusion-text-3\"><p><img class=\"lazyload\" title=\"photo_4\" src=\"data:image\/svg+xml,%3Csvg%20xmlns%3D%27http%3A%2F%2Fwww.w3.org%2F2000%2Fsvg%27%20width%3D%27170%27%20height%3D%27240%27%20viewBox%3D%270%200%20170%20240%27%3E%3Crect%20width%3D%27170%27%20height%3D%27240%27%20fill-opacity%3D%220%22%2F%3E%3C%2Fsvg%3E\" data-orig-src=\"http:\/\/sedes.org.br\/Departamentos\/Psicanalise_da_crianca\/wp-content\/uploads\/2013\/04\/photo_4.jpg\" alt=\"\" width=\"170\" height=\"240\" \/><br \/>\n<strong><span style=\"color: red;\">ESGOTADO<\/span><\/strong><\/p>\n<h4>Espa\u00e7o Potencial Winnicott &#8211; No Viver Criativo &#8211; Diversidade e Interlocu\u00e7\u00e3o<\/h4>\n<p>Departamento &#8211; Psican\u00e1lise da Crian\u00e7a do Instituto Sedes Sapientiae<br \/>\nS\u00e3o Paulo &#8211; 2009<br \/>\nN\u00ba de p\u00e1ginas: 313<\/p>\n<\/div><style type=\"text\/css\">#accordion-936-2 .fusion-panel:hover{ border-color: var(--awb-color4) } #accordion-936-2 .fusion-panel { border-color:var(--awb-color4); }.fusion-accordian  #accordion-936-2 .panel-title a .fa-fusion-box{ color: var(--awb-color1);}.fusion-accordian  #accordion-936-2 .panel-title a .fa-fusion-box:before{ font-size: 16px; width: 16px;}.fusion-accordian  #accordion-936-2 .panel-title a{color:var(--awb-color7);font-family:var(--awb-typography1-font-family);font-weight:var(--awb-typography1-font-weight);font-style:var(--awb-typography1-font-style);}.fusion-accordian  #accordion-936-2 .toggle-content{font-size:var(--awb-typography4-font-size);color:var(--awb-color7);font-family:var(--awb-typography4-font-family);font-weight:var(--awb-typography4-font-weight);font-style:var(--awb-typography4-font-style);}.fusion-accordian  #accordion-936-2 .fa-fusion-box { background-color: var(--awb-color8);border-color: var(--awb-color8);}.fusion-accordian  #accordion-936-2 .panel-title a:not(.active):hover, #accordion-936-2 .fusion-toggle-boxed-mode:hover .panel-title a { color: var(--awb-color5);}.fusion-accordian  #accordion-936-2 .panel-title .active .fa-fusion-box,.fusion-accordian  #accordion-936-2 .panel-title a:not(.active):hover .fa-fusion-box { background-color: var(--awb-color5)!important;border-color: var(--awb-color5)!important;}<\/style><div class=\"accordian fusion-accordian\"><div class=\"panel-group\" id=\"accordion-936-2\"><style type=\"text\/css\">.fusion-accordian  #accordion-936-2 .panel-4f5cfa0be0a8ebdd1 .panel-title a{color:var(--awb-color7);}.fusion-accordian  #accordion-936-2 .panel-4f5cfa0be0a8ebdd1 .toggle-content{color:var(--awb-color7);}<\/style><div class=\"fusion-panel panel-default panel-4f5cfa0be0a8ebdd1 fusion-toggle-no-divider\"><div class=\"panel-heading\"><h6 class=\"panel-title toggle\" id=\"toggle_4f5cfa0be0a8ebdd1\"><a aria-expanded=\"false\" aria-controls=\"4f5cfa0be0a8ebdd1\" role=\"button\" data-toggle=\"collapse\" data-parent=\"#accordion-936-2\" data-target=\"#4f5cfa0be0a8ebdd1\" href=\"#4f5cfa0be0a8ebdd1\"><span class=\"fusion-toggle-icon-wrapper\" aria-hidden=\"true\"><i class=\"fa-fusion-box active-icon fa-angle-double-up fas\" aria-hidden=\"true\"><\/i><i class=\"fa-fusion-box inactive-icon fa-angle-double-right fas\" aria-hidden=\"true\"><\/i><\/span><span class=\"fusion-toggle-heading\">\u00cdNDICE<\/span><\/a><\/h6><\/div><div id=\"4f5cfa0be0a8ebdd1\" class=\"panel-collapse collapse \" araia-labelledby=\"toggle_4f5cfa0be0a8ebdd1\"><div class=\"panel-body toggle-content fusion-clearfix\">\n<p><em>Apresenta\u00e7\u00e3o<\/em><\/p>\n<p><em>Introdu\u00e7\u00e3o: Alguns Princ\u00edpios fundamentais Subjacentes \u00e0 Cl\u00ednica Winnicottiana<\/em><br \/>\nGilberto Safra<\/p>\n<p><em>Psican\u00e1lise da Rela\u00e7\u00e3o M\u00e3e-Beb\u00ea<\/em><br \/>\n\u201cAs m\u00e3es que fazem mal\u201d &#8211; Silvia Lobo<br \/>\n\u201cO espelho tem duas faces\u201d &#8211; Sandra Tschirnei<br \/>\n\u201cRu\u00eddos de comunica\u00e7\u00e3o na rela\u00e7\u00e3o pais-beb\u00ea desvelando n\u00f3s e captando subjetividades na interven\u00e7\u00e3o terap\u00eautica conjunta pais-beb\u00ea: cenas de um caso filmado\u201d &#8211; Mari\u00e2ngela Mendes de Almeida<br \/>\n\u201cRu\u00eddos de comunica\u00e7\u00e3o na rela\u00e7\u00e3o pais-beb\u00ea agressividade ou reclama\u00e7\u00e3o?\u201d &#8211; Maria Cec\u00edia Pereira da Silva<br \/>\n\u201cRu\u00eddos de comunica\u00e7\u00e3o na rela\u00e7\u00e3o pais-beb\u00ea\u201d &#8211; Magaly Miranda Marconato Callia<\/p>\n<p><em>Psican\u00e1lise da Crian\u00e7a<\/em><br \/>\n\u201cDo rabisco \u00e0 escrita: gestos criativos\u201d &#8211; Maria Laurinda Ribeiro de Souza<br \/>\n\u201cA import\u00e2ncia do placement na an\u00e1lise de uma crian\u00e7a\u201d &#8211; Suzana Magalh\u00e3es Maia<\/p>\n<p><em>Neo Winnicottianos<\/em><br \/>\n\u201cMinha experi\u00eancia com Robert Rodman no Brasil\u201d &#8211; Ivonise Fernandes da Motta<\/p>\n<p><em>Brincar e a Experi\u00eancia Cultural<\/em><br \/>\n\u201cA terminologia psicanal\u00edtica em Winnicott\u201d &#8211; Orestes Forlenza Neto<br \/>\n\u201cConstruindo castelos sobre orvalho, brincam crian\u00e7as e poetas\u201d &#8211; Irmgard Birmoser de Matos Ferreira<\/p>\n<p><em>Linguagens Transicionais<\/em><br \/>\n\u201cJardins, varandas e quintais: integra\u00e7\u00e3o, n\u00e3o-integra\u00e7\u00e3o e transicionalidade\u201d &#8211; T\u00e2nia Maria Jos\u00e9 Aiello Vaisberg<br \/>\n\u201cFlores tristes\u201d &#8211; F\u00e1tima Fl\u00f3rido Cesar<\/p>\n<p><em>Viv\u00eancias<\/em><br \/>\n\u201cWinnicott \u2013 Viv\u00eancia com Bambu\u201d &#8211; Mauro Hegenberg<br \/>\n\u201cO estilo cl\u00ednico ser e fazer como experi\u00eancia brincante\u201d &#8211; T\u00e2nia Maria Jos\u00e9 Aiello Vaisberg e Fabiana Follador e Ambrosio<\/p>\n<p><em>O Self e a Psicossom\u00e1tica<\/em><br \/>\n\u201cA capacidade de estar vivo\u201d &#8211; Rahel Boraks<br \/>\n\u201cO sintoma corporal infantil no contexto familiar: reflex\u00e3o sobre um caso cl\u00ednico\u201d &#8211; Rosa Maria Tosta<\/p>\n<p><em>Psican\u00e1lise da Adolesc\u00eancia<\/em><br \/>\n\u201cO adolescente, o analista e o grupo\u201d &#8211; Afr\u00e2nio de Matos Ferreira<br \/>\n\u201cDa tend\u00eancia antissocial ao viver criativo\u201d &#8211; Jos\u00e9 Outeiral<\/p>\n<p><em>Interven\u00e7\u00f5es em Institui\u00e7\u00f5es<\/em><br \/>\n\u201cCl\u00ednica da parentalidade e aten\u00e7\u00e3o materna prim\u00e1ria: uma proposta de preven\u00e7\u00e3o comunit\u00e1ria\u201d &#8211; Tereza Marques de Oliveira<\/p>\n<p><em>Winnicott em Di\u00e1logo<\/em><br \/>\n\u201cSonhar e criar\u201d &#8211; D\u00e9cio Gurfinkel<br \/>\n\u201cWinnicott na universidade: uma ponte para a psican\u00e1lise\u201d &#8211; Luciana Almeida Lima, Vera da Rocha Resende<\/p>\n<p><em>Desamparo Social na Contemporaneidade<\/em><br \/>\n\u201cOs estudos de caso e os manejos ambientais para crian\u00e7as e jovens em circunst\u00e2ncias de viol\u00eancia dom\u00e9stica: uma perspectiva cl\u00ednico-institucional\u201d &#8211; Tereza Elizete Gon\u00e7alves<br \/>\n\u201cPriva\u00e7\u00e3o e delinqu\u00eancia; um olhar atual\u201d &#8211; Danusa Sgobbi Saes, Leila S. Plata Cury Tardivo<\/p>\n<\/div><\/div><\/div><\/div><\/div><\/div><style type=\"text\/css\">.fusion-body .fusion-builder-column-2{width:50% !important;margin-top : 0px;margin-bottom : 20px;}.fusion-builder-column-2 > .fusion-column-wrapper {padding-top : 0px !important;padding-right : 0px !important;margin-right : 4.75%;padding-bottom : 0px !important;padding-left : 0px !important;margin-left : 4.75%;}@media only screen and (max-width:1177px) {.fusion-body .fusion-builder-column-2{width:50% !important;order : 0;}.fusion-builder-column-2 > .fusion-column-wrapper {margin-right : 4.75%;margin-left : 4.75%;}}@media only screen and (max-width:700px) {.fusion-body .fusion-builder-column-2{width:100% !important;order : 0;}.fusion-builder-column-2 > .fusion-column-wrapper {margin-right : 2.375%;margin-left : 2.375%;}}<\/style><\/div><\/div><style type=\"text\/css\">.fusion-body .fusion-flex-container.fusion-builder-row-2{ padding-top : 0px;margin-top : 0px;padding-right : 0px;padding-bottom : 0px;margin-bottom : 55px;padding-left : 0px;}<\/style><\/div><div class=\"fusion-fullwidth fullwidth-box fusion-builder-row-3 fusion-flex-container has-pattern-background has-mask-background nonhundred-percent-fullwidth non-hundred-percent-height-scrolling\" style=\"background-color: rgba(255,255,255,0);background-position: center center;background-repeat: no-repeat;border-width: 0px 0px 0px 0px;border-color:var(--awb-color4);border-style:solid;\" ><div class=\"fusion-builder-row fusion-row fusion-flex-align-items-flex-start\" style=\"max-width:1365px;margin-left: calc(-5% \/ 2 );margin-right: calc(-5% \/ 2 );\"><div class=\"fusion-layout-column fusion_builder_column fusion-builder-column-3 fusion_builder_column_1_2 1_2 fusion-flex-column\"><div class=\"fusion-column-wrapper fusion-flex-justify-content-flex-start fusion-content-layout-column\" style=\"background-position:left top;background-repeat:no-repeat;-webkit-background-size:cover;-moz-background-size:cover;-o-background-size:cover;background-size:cover;padding: 0px 0px 0px 0px;\"><div class=\"fusion-text fusion-text-4\"><p><img class=\"lazyload\" title=\"photo_3\" src=\"data:image\/svg+xml,%3Csvg%20xmlns%3D%27http%3A%2F%2Fwww.w3.org%2F2000%2Fsvg%27%20width%3D%27170%27%20height%3D%27240%27%20viewBox%3D%270%200%20170%20240%27%3E%3Crect%20width%3D%27170%27%20height%3D%27240%27%20fill-opacity%3D%220%22%2F%3E%3C%2Fsvg%3E\" data-orig-src=\"http:\/\/sedes.org.br\/Departamentos\/Psicanalise_da_crianca\/wp-content\/uploads\/2013\/04\/photo_3.jpg\" alt=\"\" width=\"170\" height=\"240\" \/><\/p>\n<h4>Psican\u00e1lise com Crian\u00e7as na Contemporaneidade: Extens\u00f5es da Cl\u00ednica<\/h4>\n<p>Departamento &#8211; Psican\u00e1lise da Crian\u00e7a do Instituto Sedes Sapientiae<br \/>\nGoi\u00e2nia, GO: Dimens\u00e3o, 2007<br \/>\nN\u00ba de p\u00e1ginas: 150<\/p>\n<\/div><style type=\"text\/css\">#accordion-936-3 .fusion-panel:hover{ border-color: var(--awb-color4) } #accordion-936-3 .fusion-panel { border-color:var(--awb-color4); }.fusion-accordian  #accordion-936-3 .panel-title a .fa-fusion-box{ color: var(--awb-color1);}.fusion-accordian  #accordion-936-3 .panel-title a .fa-fusion-box:before{ font-size: 16px; width: 16px;}.fusion-accordian  #accordion-936-3 .panel-title a{color:var(--awb-color7);font-family:var(--awb-typography1-font-family);font-weight:var(--awb-typography1-font-weight);font-style:var(--awb-typography1-font-style);}.fusion-accordian  #accordion-936-3 .toggle-content{font-size:var(--awb-typography4-font-size);color:var(--awb-color7);font-family:var(--awb-typography4-font-family);font-weight:var(--awb-typography4-font-weight);font-style:var(--awb-typography4-font-style);}.fusion-accordian  #accordion-936-3 .fa-fusion-box { background-color: var(--awb-color8);border-color: var(--awb-color8);}.fusion-accordian  #accordion-936-3 .panel-title a:not(.active):hover, #accordion-936-3 .fusion-toggle-boxed-mode:hover .panel-title a { color: var(--awb-color5);}.fusion-accordian  #accordion-936-3 .panel-title .active .fa-fusion-box,.fusion-accordian  #accordion-936-3 .panel-title a:not(.active):hover .fa-fusion-box { background-color: var(--awb-color5)!important;border-color: var(--awb-color5)!important;}<\/style><div class=\"accordian fusion-accordian\"><div class=\"panel-group\" id=\"accordion-936-3\"><style type=\"text\/css\">.fusion-accordian  #accordion-936-3 .panel-9a65e7ce10b1bd4d0 .panel-title a{color:var(--awb-color7);}.fusion-accordian  #accordion-936-3 .panel-9a65e7ce10b1bd4d0 .toggle-content{color:var(--awb-color7);}<\/style><div class=\"fusion-panel panel-default panel-9a65e7ce10b1bd4d0 fusion-toggle-no-divider\"><div class=\"panel-heading\"><h4 class=\"panel-title toggle\" id=\"toggle_9a65e7ce10b1bd4d0\"><a aria-expanded=\"false\" aria-controls=\"9a65e7ce10b1bd4d0\" role=\"button\" data-toggle=\"collapse\" data-parent=\"#accordion-936-3\" data-target=\"#9a65e7ce10b1bd4d0\" href=\"#9a65e7ce10b1bd4d0\"><span class=\"fusion-toggle-icon-wrapper\" aria-hidden=\"true\"><i class=\"fa-fusion-box active-icon fa-angle-double-up fas\" aria-hidden=\"true\"><\/i><i class=\"fa-fusion-box inactive-icon fa-angle-double-right fas\" aria-hidden=\"true\"><\/i><\/span><span class=\"fusion-toggle-heading\">\u00cdNDICE<\/span><\/a><\/h4><\/div><div id=\"9a65e7ce10b1bd4d0\" class=\"panel-collapse collapse \" araia-labelledby=\"toggle_9a65e7ce10b1bd4d0\"><div class=\"panel-body toggle-content fusion-clearfix\">\n<p><em>Pref\u00e1cio<\/em><br \/>\nAdela Stoppel de Gueller<br \/>\nMaria do Campo Vidigal<\/p>\n<p><em>O psicanalista, a crian\u00e7a e a cl\u00ednica interdisciplinar<\/em><br \/>\nAdela Stoppel de Gueller<\/p>\n<p><em>O psicanalista, a crian\u00e7a e a cl\u00ednica institucional<\/em><br \/>\nMarcia Porto Ferreira<\/p>\n<p><em>Da certeza&#8230; \u00e0s palavras: testemunhos de uma psican\u00e1lise viva<\/em><br \/>\nLia Fernandes<\/p>\n<p><em>M\u00e9todo Canguru como resgate do v\u00ednculo da m\u00e3e com o beb\u00ea prematuro<\/em><br \/>\nDenise de Sousa Feliciano<\/p>\n<p><em>Psican\u00e1lise e educa\u00e7\u00e3o &#8211; o educar na fam\u00edlia e na escola: limites, fronteiras e intersec\u00e7\u00f5es<\/em><br \/>\nAudrey Setton Lopes de Souza<\/p>\n<p><em>Vicissitudes da cl\u00ednica contempor\u00e2nea com crian\u00e7as: demandas narc\u00edsicas<\/em><br \/>\nBernardo Tanis<\/p>\n<p><em>De como o apetite nos organiza<\/em><br \/>\nRahel Boraks<\/p>\n<\/div><\/div><\/div><\/div><\/div><div ><style>.fusion-body .fusion-button.button-1{border-radius:5px 5px 5px 5px;}<\/style><a class=\"fusion-button button-flat fusion-button-default-size button-default button-1 fusion-button-default-span fusion-button-default-type\" target=\"_blank\" rel=\"noopener noreferrer\" href=\"https:\/\/sedes.org.br\/Departamentos\/Psicanalise_da_crianca\/livros\/Livro-Contemporaneidade.pdf\" style=\"margin-top:10px;\"><span class=\"fusion-button-text\">Baixar este Livro<\/span><\/a><\/div><\/div><style type=\"text\/css\">.fusion-body .fusion-builder-column-3{width:50% !important;margin-top : 0px;margin-bottom : 20px;}.fusion-builder-column-3 > .fusion-column-wrapper {padding-top : 0px !important;padding-right : 0px !important;margin-right : 4.75%;padding-bottom : 0px !important;padding-left : 0px !important;margin-left : 4.75%;}@media only screen and (max-width:1177px) {.fusion-body .fusion-builder-column-3{width:50% !important;order : 0;}.fusion-builder-column-3 > .fusion-column-wrapper {margin-right : 4.75%;margin-left : 4.75%;}}@media only screen and (max-width:700px) {.fusion-body .fusion-builder-column-3{width:100% !important;order : 0;}.fusion-builder-column-3 > .fusion-column-wrapper {margin-right : 2.375%;margin-left : 2.375%;}}<\/style><\/div><div class=\"fusion-layout-column fusion_builder_column fusion-builder-column-4 fusion_builder_column_1_2 1_2 fusion-flex-column\"><div class=\"fusion-column-wrapper fusion-flex-justify-content-flex-start fusion-content-layout-column\" style=\"background-position:left top;background-repeat:no-repeat;-webkit-background-size:cover;-moz-background-size:cover;-o-background-size:cover;background-size:cover;padding: 0px 0px 0px 0px;\"><div class=\"fusion-text fusion-text-5\"><p><img class=\"lazyload\" loading=\"lazy\" src=\"data:image\/svg+xml,%3Csvg%20xmlns%3D%27http%3A%2F%2Fwww.w3.org%2F2000%2Fsvg%27%20width%3D%27170%27%20height%3D%27206%27%20viewBox%3D%270%200%20170%20206%27%3E%3Crect%20width%3D%27170%27%20height%3D%27206%27%20fill-opacity%3D%220%22%2F%3E%3C%2Fsvg%3E\" data-orig-src=\"http:\/\/sedes.org.br\/Departamentos\/Psicanalise_da_crianca\/wp-content\/uploads\/2012\/09\/livro1.jpg\" alt=\"\" width=\"170\" height=\"206\" \/><\/p>\n<h4>A Crian\u00e7a na Contemporaneidade e a Psican\u00e1lise \u2013 Fam\u00edlia e Sociedade: Di\u00e1logos<\/h4>\n<p>Interdisciplinares Vol. I\u00a0Maria Cec\u00edlia Mazzilli Comparato, Denise de Sousa Feliciano Monteiro (orgs).<br \/>\nS\u00e3o Paulo: Casa do Psic\u00f3logo, 2001.<br \/>\nN\u00famero de p\u00e1ginas: 181<\/p>\n<\/div><style type=\"text\/css\">#accordion-936-4 .fusion-panel:hover{ border-color: var(--awb-color4) } #accordion-936-4 .fusion-panel { border-color:var(--awb-color4); }.fusion-accordian  #accordion-936-4 .panel-title a .fa-fusion-box{ color: var(--awb-color1);}.fusion-accordian  #accordion-936-4 .panel-title a .fa-fusion-box:before{ font-size: 16px; width: 16px;}.fusion-accordian  #accordion-936-4 .panel-title a{color:var(--awb-color7);font-family:var(--awb-typography1-font-family);font-weight:var(--awb-typography1-font-weight);font-style:var(--awb-typography1-font-style);}.fusion-accordian  #accordion-936-4 .toggle-content{font-size:var(--awb-typography4-font-size);color:var(--awb-color7);font-family:var(--awb-typography4-font-family);font-weight:var(--awb-typography4-font-weight);font-style:var(--awb-typography4-font-style);}.fusion-accordian  #accordion-936-4 .fa-fusion-box { background-color: var(--awb-color8);border-color: var(--awb-color8);}.fusion-accordian  #accordion-936-4 .panel-title a:not(.active):hover, #accordion-936-4 .fusion-toggle-boxed-mode:hover .panel-title a { color: var(--awb-color5);}.fusion-accordian  #accordion-936-4 .panel-title .active .fa-fusion-box,.fusion-accordian  #accordion-936-4 .panel-title a:not(.active):hover .fa-fusion-box { background-color: var(--awb-color5)!important;border-color: var(--awb-color5)!important;}<\/style><div class=\"accordian fusion-accordian\"><div class=\"panel-group\" id=\"accordion-936-4\"><style type=\"text\/css\">.fusion-accordian  #accordion-936-4 .panel-ca9b691f0957669c9 .panel-title a{color:var(--awb-color7);}.fusion-accordian  #accordion-936-4 .panel-ca9b691f0957669c9 .toggle-content{color:var(--awb-color7);}<\/style><div class=\"fusion-panel panel-default panel-ca9b691f0957669c9 fusion-toggle-no-divider\"><div class=\"panel-heading\"><h4 class=\"panel-title toggle\" id=\"toggle_ca9b691f0957669c9\"><a aria-expanded=\"false\" aria-controls=\"ca9b691f0957669c9\" role=\"button\" data-toggle=\"collapse\" data-parent=\"#accordion-936-4\" data-target=\"#ca9b691f0957669c9\" href=\"#ca9b691f0957669c9\"><span class=\"fusion-toggle-icon-wrapper\" aria-hidden=\"true\"><i class=\"fa-fusion-box active-icon fa-angle-double-up fas\" aria-hidden=\"true\"><\/i><i class=\"fa-fusion-box inactive-icon fa-angle-double-right fas\" aria-hidden=\"true\"><\/i><\/span><span class=\"fusion-toggle-heading\">\u00cdNDICE<\/span><\/a><\/h4><\/div><div id=\"ca9b691f0957669c9\" class=\"panel-collapse collapse \" araia-labelledby=\"toggle_ca9b691f0957669c9\"><div class=\"panel-body toggle-content fusion-clearfix\">\n<p><em>A estrutura contempor\u00e2nea da fam\u00edlia<\/em><br \/>\nMaria Lygoa Quartim de Moraes<\/p>\n<p><em>Lugares do feminino e do masculino na fam\u00edlia<\/em><br \/>\nMaria Rita Kehl<\/p>\n<p><em>A fam\u00edlia atual, a constitui\u00e7\u00e3o subjetiva da crian\u00e7a e a psican\u00e1lise<\/em><br \/>\nBernardo Tanis<\/p>\n<p><em>O que espera o pediatra do psicanalista? E o psicanalista do pediatra?<\/em><br \/>\nLeonardo Posternak<\/p>\n<p><em>A doen\u00e7a no corpo: efeitos do contempor\u00e2neo ou resultado de uma nova leitura<\/em><br \/>\nWagner Ran\u00f1a<\/p>\n<p><em>Sexualidade infantil: quem tem medo do lobo mau?<\/em><br \/>\nMaria Cecilia Mazzilli Comparato<\/p>\n<p><em>Menino de rua<\/em><br \/>\nPadre J\u00falio Lancelotti<\/p>\n<p><em>Menino de casa<\/em><br \/>\nIsabel Kahn Marin<\/p>\n<p><em>A crian\u00e7a, a escola e o processo de aprendizagem<\/em><br \/>\nMaria de F\u00e1tima Marques Gola<\/p>\n<p><em>Psican\u00e1lise e educa\u00e7\u00e3o<\/em><br \/>\nAudrey Setton Lopes de Souza<\/p>\n<p><em>A educa\u00e7\u00e3o infantil nos meios de comunica\u00e7\u00e3o<\/em><br \/>\nFernando Rossetti<\/p>\n<\/div><\/div><\/div><\/div><\/div><div ><style>.fusion-body .fusion-button.button-2{border-radius:5px 5px 5px 5px;}<\/style><a class=\"fusion-button button-flat fusion-button-default-size button-default button-2 fusion-button-default-span fusion-button-default-type\" target=\"_blank\" rel=\"noopener noreferrer\" href=\"https:\/\/sedes.org.br\/Departamentos\/Psicanalise_da_crianca\/livros\/Livro-A-Crianca-na-Contemporaneidade.pdf\" style=\"margin-top:10px;\"><span class=\"fusion-button-text\">Baixar este Livro<\/span><\/a><\/div><\/div><style type=\"text\/css\">.fusion-body .fusion-builder-column-4{width:50% !important;margin-top : 0px;margin-bottom : 20px;}.fusion-builder-column-4 > .fusion-column-wrapper {padding-top : 0px !important;padding-right : 0px !important;margin-right : 4.75%;padding-bottom : 0px !important;padding-left : 0px !important;margin-left : 4.75%;}@media only screen and (max-width:1177px) {.fusion-body .fusion-builder-column-4{width:50% !important;order : 0;}.fusion-builder-column-4 > .fusion-column-wrapper {margin-right : 4.75%;margin-left : 4.75%;}}@media only screen and (max-width:700px) {.fusion-body .fusion-builder-column-4{width:100% !important;order : 0;}.fusion-builder-column-4 > .fusion-column-wrapper {margin-right : 2.375%;margin-left : 2.375%;}}<\/style><\/div><\/div><style type=\"text\/css\">.fusion-body .fusion-flex-container.fusion-builder-row-3{ padding-top : 0px;margin-top : 0px;padding-right : 0px;padding-bottom : 0px;margin-bottom : 55px;padding-left : 0px;}<\/style><\/div><div class=\"fusion-fullwidth fullwidth-box fusion-builder-row-4 fusion-flex-container has-pattern-background has-mask-background nonhundred-percent-fullwidth non-hundred-percent-height-scrolling\" style=\"background-color: rgba(255,255,255,0);background-position: center center;background-repeat: no-repeat;border-width: 0px 0px 0px 0px;border-color:var(--awb-color4);border-style:solid;\" ><div class=\"fusion-builder-row fusion-row fusion-flex-align-items-flex-start\" style=\"max-width:1365px;margin-left: calc(-5% \/ 2 );margin-right: calc(-5% \/ 2 );\"><div class=\"fusion-layout-column fusion_builder_column fusion-builder-column-5 fusion_builder_column_1_2 1_2 fusion-flex-column\"><div class=\"fusion-column-wrapper fusion-flex-justify-content-flex-start fusion-content-layout-column\" style=\"background-position:left top;background-repeat:no-repeat;-webkit-background-size:cover;-moz-background-size:cover;-o-background-size:cover;background-size:cover;padding: 0px 0px 0px 0px;\"><div class=\"fusion-text fusion-text-6\"><p><img class=\"lazyload\" loading=\"lazy\" title=\"photo_8\" src=\"data:image\/svg+xml,%3Csvg%20xmlns%3D%27http%3A%2F%2Fwww.w3.org%2F2000%2Fsvg%27%20width%3D%27170%27%20height%3D%27240%27%20viewBox%3D%270%200%20170%20240%27%3E%3Crect%20width%3D%27170%27%20height%3D%27240%27%20fill-opacity%3D%220%22%2F%3E%3C%2Fsvg%3E\" data-orig-src=\"http:\/\/sedes.org.br\/Departamentos\/Psicanalise_da_crianca\/wp-content\/uploads\/2013\/04\/photo_8.jpg\" alt=\"\" width=\"170\" height=\"240\" \/><\/p>\n<h4>A Crian\u00e7a na Contemporaneidade e a Psican\u00e1lise \u2013 Mentes e M\u00eddia: Di\u00e1logos Interdisciplinares Vol. II<\/h4>\n<p>Maria Cec\u00edlia Mazzilli Comparato, Denise de Sousa Feliciano Monteiro (orgs).<br \/>\nS\u00e3o Paulo: Casa do Psic\u00f3logo, 2001.<br \/>\nN\u00famero de p\u00e1ginas: 158<\/p>\n<\/div><style type=\"text\/css\">#accordion-936-5 .fusion-panel:hover{ border-color: var(--awb-color4) } #accordion-936-5 .fusion-panel { border-color:var(--awb-color4); }.fusion-accordian  #accordion-936-5 .panel-title a .fa-fusion-box{ color: var(--awb-color1);}.fusion-accordian  #accordion-936-5 .panel-title a .fa-fusion-box:before{ font-size: 16px; width: 16px;}.fusion-accordian  #accordion-936-5 .panel-title a{color:var(--awb-color7);font-family:var(--awb-typography1-font-family);font-weight:var(--awb-typography1-font-weight);font-style:var(--awb-typography1-font-style);}.fusion-accordian  #accordion-936-5 .toggle-content{font-size:var(--awb-typography4-font-size);color:var(--awb-color7);font-family:var(--awb-typography4-font-family);font-weight:var(--awb-typography4-font-weight);font-style:var(--awb-typography4-font-style);}.fusion-accordian  #accordion-936-5 .fa-fusion-box { background-color: var(--awb-color8);border-color: var(--awb-color8);}.fusion-accordian  #accordion-936-5 .panel-title a:not(.active):hover, #accordion-936-5 .fusion-toggle-boxed-mode:hover .panel-title a { color: var(--awb-color5);}.fusion-accordian  #accordion-936-5 .panel-title .active .fa-fusion-box,.fusion-accordian  #accordion-936-5 .panel-title a:not(.active):hover .fa-fusion-box { background-color: var(--awb-color5)!important;border-color: var(--awb-color5)!important;}<\/style><div class=\"accordian fusion-accordian\"><div class=\"panel-group\" id=\"accordion-936-5\"><style type=\"text\/css\">.fusion-accordian  #accordion-936-5 .panel-bd27c327295c4c652 .panel-title a{color:var(--awb-color7);}.fusion-accordian  #accordion-936-5 .panel-bd27c327295c4c652 .toggle-content{color:var(--awb-color7);}<\/style><div class=\"fusion-panel panel-default panel-bd27c327295c4c652 fusion-toggle-no-divider\"><div class=\"panel-heading\"><h4 class=\"panel-title toggle\" id=\"toggle_bd27c327295c4c652\"><a aria-expanded=\"false\" aria-controls=\"bd27c327295c4c652\" role=\"button\" data-toggle=\"collapse\" data-parent=\"#accordion-936-5\" data-target=\"#bd27c327295c4c652\" href=\"#bd27c327295c4c652\"><span class=\"fusion-toggle-icon-wrapper\" aria-hidden=\"true\"><i class=\"fa-fusion-box active-icon fa-angle-double-up fas\" aria-hidden=\"true\"><\/i><i class=\"fa-fusion-box inactive-icon fa-angle-double-right fas\" aria-hidden=\"true\"><\/i><\/span><span class=\"fusion-toggle-heading\">\u00cdNDICE<\/span><\/a><\/h4><\/div><div id=\"bd27c327295c4c652\" class=\"panel-collapse collapse \" araia-labelledby=\"toggle_bd27c327295c4c652\"><div class=\"panel-body toggle-content fusion-clearfix\">\n<p><em>Corpo e imagem: em busca da presen\u00e7a<\/em><br \/>\nGilberto Safra<\/p>\n<p><em>A m\u00eddia e a seda\u00e7\u00e3o das imagens<\/em><br \/>\nNorval Baitello J\u00fanior<\/p>\n<p><em>A viol\u00eancia do imagin\u00e1rio<\/em><br \/>\nMaria Rita Kehl<\/p>\n<p><em>A m\u00eddia: a viol\u00eancia na mente infantil<\/em><br \/>\nAm\u00e9lia Thereza de Moura Vasconcellos<\/p>\n<p><em>Os efeitos perversos da televis\u00e3o<\/em><br \/>\nPaulo Roberto Ceccarelli<\/p>\n<p><em>A entrada precoce da crian\u00e7a no mundo do consumo<\/em><br \/>\nEug\u00eanio Bucci<\/p>\n<p><em>Subjetiva\u00e7\u00f5es e inform\u00e1tica: uma perspectiva psicanal\u00edtica<\/em><br \/>\nLia Pitliuk<\/p>\n<p><em>Trabalho cooperativo e socializa\u00e7\u00e3o na internet<\/em><br \/>\nMarisa Lucena<\/p>\n<p><em>Cultura informatizada: progressista ou conformista?<\/em><br \/>\nElisa Sayeg<\/p>\n<\/div><\/div><\/div><\/div><\/div><div ><style>.fusion-body .fusion-button.button-3{border-radius:5px 5px 5px 5px;}<\/style><a class=\"fusion-button button-flat fusion-button-default-size button-default button-3 fusion-button-default-span fusion-button-default-type\" target=\"_blank\" rel=\"noopener noreferrer\" href=\"https:\/\/sedes.org.br\/Departamentos\/Psicanalise_da_crianca\/livros\/Livro-A-Crianca-na-contemporaneidade-II.pdf\" style=\"margin-top:10px;\"><span class=\"fusion-button-text\">Baixar este Livro<\/span><\/a><\/div><\/div><style type=\"text\/css\">.fusion-body .fusion-builder-column-5{width:50% !important;margin-top : 0px;margin-bottom : 20px;}.fusion-builder-column-5 > .fusion-column-wrapper {padding-top : 0px !important;padding-right : 0px !important;margin-right : 4.75%;padding-bottom : 0px !important;padding-left : 0px !important;margin-left : 4.75%;}@media only screen and (max-width:1177px) {.fusion-body .fusion-builder-column-5{width:50% !important;order : 0;}.fusion-builder-column-5 > .fusion-column-wrapper {margin-right : 4.75%;margin-left : 4.75%;}}@media only screen and (max-width:700px) {.fusion-body .fusion-builder-column-5{width:100% !important;order : 0;}.fusion-builder-column-5 > .fusion-column-wrapper {margin-right : 2.375%;margin-left : 2.375%;}}<\/style><\/div><div class=\"fusion-layout-column fusion_builder_column fusion-builder-column-6 fusion_builder_column_1_2 1_2 fusion-flex-column\"><div class=\"fusion-column-wrapper fusion-flex-justify-content-flex-start fusion-content-layout-column\" style=\"background-position:left top;background-repeat:no-repeat;-webkit-background-size:cover;-moz-background-size:cover;-o-background-size:cover;background-size:cover;padding: 0px 0px 0px 0px;\"><div class=\"fusion-text fusion-text-7\"><p><img class=\"lazyload\" loading=\"lazy\" title=\"photo\" src=\"data:image\/svg+xml,%3Csvg%20xmlns%3D%27http%3A%2F%2Fwww.w3.org%2F2000%2Fsvg%27%20width%3D%27170%27%20height%3D%27225%27%20viewBox%3D%270%200%20170%20225%27%3E%3Crect%20width%3D%27170%27%20height%3D%27225%27%20fill-opacity%3D%220%22%2F%3E%3C%2Fsvg%3E\" data-orig-src=\"http:\/\/sedes.org.br\/Departamentos\/Psicanalise_da_crianca\/wp-content\/uploads\/2013\/04\/photo.jpg\" alt=\"\" width=\"170\" height=\"225\" \/><\/p>\n<h4>Psican\u00e1lise com Crian\u00e7as \u2013 Perspectivas Te\u00f3rico-Cl\u00ednicas<\/h4>\n<p>Adela Stoppel de Gueller, Audrey Setton Lopes de Souza (orgs).<br \/>\nS\u00e3o Paulo: Casa do Psic\u00f3logo, 2008.<br \/>\nN\u00famero de P\u00e1ginas: 283<\/p>\n<\/div><style type=\"text\/css\">#accordion-936-6 .fusion-panel:hover{ border-color: var(--awb-color4) } #accordion-936-6 .fusion-panel { border-color:var(--awb-color4); }.fusion-accordian  #accordion-936-6 .panel-title a .fa-fusion-box{ color: var(--awb-color1);}.fusion-accordian  #accordion-936-6 .panel-title a .fa-fusion-box:before{ font-size: 16px; width: 16px;}.fusion-accordian  #accordion-936-6 .panel-title a{color:var(--awb-color7);font-family:var(--awb-typography1-font-family);font-weight:var(--awb-typography1-font-weight);font-style:var(--awb-typography1-font-style);}.fusion-accordian  #accordion-936-6 .toggle-content{font-size:var(--awb-typography4-font-size);color:var(--awb-color7);font-family:var(--awb-typography4-font-family);font-weight:var(--awb-typography4-font-weight);font-style:var(--awb-typography4-font-style);}.fusion-accordian  #accordion-936-6 .fa-fusion-box { background-color: var(--awb-color8);border-color: var(--awb-color8);}.fusion-accordian  #accordion-936-6 .panel-title a:not(.active):hover, #accordion-936-6 .fusion-toggle-boxed-mode:hover .panel-title a { color: var(--awb-color5);}.fusion-accordian  #accordion-936-6 .panel-title .active .fa-fusion-box,.fusion-accordian  #accordion-936-6 .panel-title a:not(.active):hover .fa-fusion-box { background-color: var(--awb-color5)!important;border-color: var(--awb-color5)!important;}<\/style><div class=\"accordian fusion-accordian\"><div class=\"panel-group\" id=\"accordion-936-6\"><style type=\"text\/css\">.fusion-accordian  #accordion-936-6 .panel-2170461c3640cea6a .panel-title a{color:var(--awb-color7);}.fusion-accordian  #accordion-936-6 .panel-2170461c3640cea6a .toggle-content{color:var(--awb-color7);}<\/style><div class=\"fusion-panel panel-default panel-2170461c3640cea6a fusion-toggle-no-divider\"><div class=\"panel-heading\"><h4 class=\"panel-title toggle\" id=\"toggle_2170461c3640cea6a\"><a aria-expanded=\"false\" aria-controls=\"2170461c3640cea6a\" role=\"button\" data-toggle=\"collapse\" data-parent=\"#accordion-936-6\" data-target=\"#2170461c3640cea6a\" href=\"#2170461c3640cea6a\"><span class=\"fusion-toggle-icon-wrapper\" aria-hidden=\"true\"><i class=\"fa-fusion-box active-icon fa-angle-double-up fas\" aria-hidden=\"true\"><\/i><i class=\"fa-fusion-box inactive-icon fa-angle-double-right fas\" aria-hidden=\"true\"><\/i><\/span><span class=\"fusion-toggle-heading\">\u00cdNDICE<\/span><\/a><\/h4><\/div><div id=\"2170461c3640cea6a\" class=\"panel-collapse collapse \" araia-labelledby=\"toggle_2170461c3640cea6a\"><div class=\"panel-body toggle-content fusion-clearfix\">\n<p><em>Introdu\u00e7\u00e3o<\/em><br \/>\nAdela Stoppel de Gueller e Audrey Setton Lopes de Souza<\/p>\n<p><em>Psican\u00e1lise com crian\u00e7as: hist\u00f3rias que configuram um campo<\/em><br \/>\nMaria Dias Soares e Mary Ono<\/p>\n<p><em>Caso Hans: um encontro de Freud com a psican\u00e1lise da crian\u00e7a<\/em><br \/>\nMaria Jos\u00e9 Porto Bugni<\/p>\n<p><em>O pequeno Hans: um di\u00e1logo entre Freud e Klein<\/em><br \/>\nElsa Vera Kunze Post Susemihl<\/p>\n<p><em>Caso Hans: o passo de Freud a Lacan<\/em><br \/>\nAdela Stoppel de Gueller<\/p>\n<p><em>Especificidade da cl\u00ednica psicanal\u00edtica com crian\u00e7as: uma diversidade de olhares<\/em><br \/>\nAda Morgenstern, Afr\u00e2nio de Matos Ferreira e Marcia Porto Ferreira<\/p>\n<p><em>Melanie Klein e o brincar levado a s\u00e9rio: rumo \u00e0 possibilidade de an\u00e1lise com crian\u00e7as<\/em><br \/>\nAudrey Setton Lopes de Souza<\/p>\n<p><em>No caminho da trancionalidade: brincando criamos o mundo<\/em><br \/>\nMagaly Miranda Marconato Callia<\/p>\n<p><em>O jogo do jogo<\/em><br \/>\nAdela Stoppel de Gueller<\/p>\n<p><em>Sobre a transfer\u00eancia<\/em><br \/>\nBernardo Tanis<\/p>\n<p><em>Reflex\u00f5es sobre a transfer\u00eancia na an\u00e1lise de crian\u00e7as: o enfoque kleiniano<\/em><br \/>\nAudrey Setton Lopes de Souza<\/p>\n<p><em>Escuta e interpreta\u00e7\u00e3o na an\u00e1lise de crian\u00e7as: primeiras aproxima\u00e7\u00f5es<\/em><br \/>\nMaria do Carmo Vidigal Meyer Dittmar<\/p>\n<p><em>A mudan\u00e7a paradigm\u00e1tica da interpreta\u00e7\u00e3o na escola inglesa a partir de Klein<\/em><br \/>\nElsa Vera Kunze Post Susemihl<\/p>\n<p><em>A interpreta\u00e7\u00e3o psicanal\u00edtica: entre o sonhar, o brincar e o viajar<\/em><br \/>\nLia Pitliuk<\/p>\n<\/div><\/div><\/div><\/div><\/div><div ><style>.fusion-body .fusion-button.button-4{border-radius:5px 5px 5px 5px;}<\/style><a class=\"fusion-button button-flat fusion-button-default-size button-default button-4 fusion-button-default-span fusion-button-default-type\" target=\"_blank\" rel=\"noopener noreferrer\" href=\"https:\/\/sedes.org.br\/Departamentos\/Psicanalise_da_crianca\/livros\/Livro-Psicanalise-com-Criancas.pdf\" style=\"margin-top:10px;\"><span class=\"fusion-button-text\">Baixar este Livro<\/span><\/a><\/div><\/div><style type=\"text\/css\">.fusion-body .fusion-builder-column-6{width:50% !important;margin-top : 0px;margin-bottom : 20px;}.fusion-builder-column-6 > .fusion-column-wrapper {padding-top : 0px !important;padding-right : 0px !important;margin-right : 4.75%;padding-bottom : 0px !important;padding-left : 0px !important;margin-left : 4.75%;}@media only screen and (max-width:1177px) {.fusion-body .fusion-builder-column-6{width:50% !important;order : 0;}.fusion-builder-column-6 > .fusion-column-wrapper {margin-right : 4.75%;margin-left : 4.75%;}}@media only screen and (max-width:700px) {.fusion-body .fusion-builder-column-6{width:100% !important;order : 0;}.fusion-builder-column-6 > .fusion-column-wrapper {margin-right : 2.375%;margin-left : 2.375%;}}<\/style><\/div><\/div><style type=\"text\/css\">.fusion-body .fusion-flex-container.fusion-builder-row-4{ padding-top : 0px;margin-top : 0px;padding-right : 0px;padding-bottom : 0px;margin-bottom : 55px;padding-left : 0px;}<\/style><\/div><\/p>\n","protected":false},"excerpt":{"rendered":"","protected":false},"author":1,"featured_media":0,"comment_status":"closed","ping_status":"closed","sticky":false,"template":"","format":"standard","meta":{"content-type":""},"categories":[8],"tags":[],"_links":{"self":[{"href":"https:\/\/sedes.org.br\/Departamentos\/Psicanalise_da_crianca\/index.php?rest_route=\/wp\/v2\/posts\/936"}],"collection":[{"href":"https:\/\/sedes.org.br\/Departamentos\/Psicanalise_da_crianca\/index.php?rest_route=\/wp\/v2\/posts"}],"about":[{"href":"https:\/\/sedes.org.br\/Departamentos\/Psicanalise_da_crianca\/index.php?rest_route=\/wp\/v2\/types\/post"}],"author":[{"embeddable":true,"href":"https:\/\/sedes.org.br\/Departamentos\/Psicanalise_da_crianca\/index.php?rest_route=\/wp\/v2\/users\/1"}],"replies":[{"embeddable":true,"href":"https:\/\/sedes.org.br\/Departamentos\/Psicanalise_da_crianca\/index.php?rest_route=%2Fwp%2Fv2%2Fcomments&post=936"}],"version-history":[{"count":23,"href":"https:\/\/sedes.org.br\/Departamentos\/Psicanalise_da_crianca\/index.php?rest_route=\/wp\/v2\/posts\/936\/revisions"}],"predecessor-version":[{"id":3417,"href":"https:\/\/sedes.org.br\/Departamentos\/Psicanalise_da_crianca\/index.php?rest_route=\/wp\/v2\/posts\/936\/revisions\/3417"}],"wp:attachment":[{"href":"https:\/\/sedes.org.br\/Departamentos\/Psicanalise_da_crianca\/index.php?rest_route=%2Fwp%2Fv2%2Fmedia&parent=936"}],"wp:term":[{"taxonomy":"category","embeddable":true,"href":"https:\/\/sedes.org.br\/Departamentos\/Psicanalise_da_crianca\/index.php?rest_route=%2Fwp%2Fv2%2Fcategories&post=936"},{"taxonomy":"post_tag","embeddable":true,"href":"https:\/\/sedes.org.br\/Departamentos\/Psicanalise_da_crianca\/index.php?rest_route=%2Fwp%2Fv2%2Ftags&post=936"}],"curies":[{"name":"wp","href":"https:\/\/api.w.org\/{rel}","templated":true}]}}