{"id":940,"date":"2013-04-15T19:27:41","date_gmt":"2013-04-15T19:27:41","guid":{"rendered":"http:\/\/sedes.mopen.com.br\/Departamentos\/Psicanalise_da_crianca\/?p=940"},"modified":"2022-01-11T20:14:46","modified_gmt":"2022-01-11T23:14:46","slug":"boletins","status":"publish","type":"post","link":"https:\/\/sedes.org.br\/Departamentos\/Psicanalise_da_crianca\/?p=940","title":{"rendered":"BOLETIM"},"content":{"rendered":"<p><a href=\"http:\/\/issuu.com\/psicanalisecomcriancas\/docs\/boletim_xi_22_37cfed761d5637\" target=\"_blank\" rel=\"noopener noreferrer\"><img class=\"lazyload\" title=\"capa_pp\" src=\"data:image\/svg+xml,%3Csvg%20xmlns%3D%27http%3A%2F%2Fwww.w3.org%2F2000%2Fsvg%27%20width%3D%27174%27%20height%3D%27240%27%20viewBox%3D%270%200%20174%20240%27%3E%3Crect%20width%3D%27174%27%20height%3D%27240%27%20fill-opacity%3D%220%22%2F%3E%3C%2Fsvg%3E\" data-orig-src=\"http:\/\/www.sedes.org.br\/Departamentos\/Psicanalise_da_crianca\/wp-content\/uploads\/2013\/04\/capa_pp.jpg\" alt=\"\" width=\"174\" height=\"240\"><\/a><\/p>\n<p><strong>BOLETIM DO DEPARTAMENTO DE PSICANALISE DA CRIAN\u00c7A ano XI, n\u00ba22, Maio 2014<\/strong><\/p>\n<ul>\n<li><a href=\"https:\/\/issuu.com\/psicanalisecomcriancas\/docs\/boletim_xi_22\" target=\"_blank\" rel=\"noopener noreferrer\">Di\u00e1logos: \u201cA Contemporaneidade da Cl\u00ednica Psicanal\u00edtica com Crian\u00e7as\u201d<\/a>. Conversa com Ada Morgenstern, Adela Stoppel de Gueller, Elsa Vera Kunze Susemihl, Denise Feliciano, Magaly Miranda Marconato, Maria Dias Soares, Maria do Carmo Vidigal Dittmar (Lila), Maria Jos\u00e9 Porto Bugni e Mary Ono.<\/li>\n<li>Leia a <a href=\"http:\/\/issuu.com\/psicanalisecomcriancas\/docs\/boletim_xi_22_37cfed761d5637\" target=\"_blank\" rel=\"noopener noreferrer\">vers\u00e3o completa desta edi\u00e7\u00e3o<\/a>. Edi\u00e7\u00e3o hist\u00f3rica &#8211; \u00faltima impressa.<\/li>\n<\/ul>\n<hr>\n<p>&nbsp;<\/p>\n<p><img class=\"lazyload\" src=\"data:image\/svg+xml,%3Csvg%20xmlns%3D%27http%3A%2F%2Fwww.w3.org%2F2000%2Fsvg%27%20width%3D%27174%27%20height%3D%27240%27%20viewBox%3D%270%200%20174%20240%27%3E%3Crect%20width%3D%27174%27%20height%3D%27240%27%20fill-opacity%3D%220%22%2F%3E%3C%2Fsvg%3E\" data-orig-src=\"http:\/\/sedes.org.br\/Departamentos\/Psicanalise_da_crianca\/wp-content\/uploads\/2013\/04\/photo_9.jpg\" alt=\"\" width=\"174\" height=\"240\"><\/p>\n<p><strong>BOLETIM DO DEPARTAMENTO DE PSICANALISE DA CRIAN\u00c7A ano XI, n\u00ba21, Mar\u00e7o 2013<\/strong><\/p>\n<ul>\n<li><a href=\"http:\/\/sedes.org.br\/Departamentos\/Psicanalise_da_crianca\/wp-content\/uploads\/2013\/04\/2013_03-Dialogos.pdf\" target=\"_blank\" rel=\"noopener noreferrer\">Di\u00e1logos: \u201cA Pluralidade e as singularidades em nossa transmiss\u00e3o\u201d<\/a> &#8211; conversa com Adela Stoppel de Gueller, Audrey Setton L. De Souza, Elsa Vera Kunze P. Susemihl<\/li>\n<li><a href=\"http:\/\/sedes.org.br\/Departamentos\/Psicanalise_da_crianca\/wp-content\/uploads\/2013\/04\/2013_03-Ensaio.pdf\" target=\"_blank\" rel=\"noopener noreferrer\">Ensaio: \u201cA Fun\u00e7\u00e3o Paterna n\u00e3o aprisionada de um pai na pris\u00e3o e o afeto suficientemente bom de uma m\u00e3e que n\u00e3o podia cuidar\u201d<\/a> &#8211; Dircinei Cristina Marcondes, Giovana da Silva Tavares Enes<\/li>\n<li><a href=\"http:\/\/sedes.org.br\/Departamentos\/Psicanalise_da_crianca\/wp-content\/uploads\/2013\/04\/2013_03-Mundo-Afora.pdf\" target=\"_blank\" rel=\"noopener noreferrer\">Psican\u00e1lise Mundo Afora: \u201cPsican\u00e1lise em S\u00e3o Paulo: ecos da Fran\u00e7a?\u201d<\/a> &#8211; Maria Dias Soares<\/li>\n<li><a href=\"http:\/\/sedes.org.br\/Departamentos\/Psicanalise_da_crianca\/wp-content\/uploads\/2013\/04\/2013_03-Canal-Aberto.pdf\" target=\"_blank\" rel=\"noopener noreferrer\">Canal Aberto: \u201cSobre o site do departamento\u201d<\/a> &#8211; Alessandra Barbieri<\/li>\n<\/ul>\n<hr>\n<p>&nbsp;<\/p>\n<p><a href=\"http:\/\/www.sedes.org.br\/Departamentos\/Psicanalise_da_crianca\/boletim\/boletim20.pdf\" target=\"_blank\" rel=\"noopener noreferrer\"><img class=\"lazyload\" src=\"data:image\/svg+xml,%3Csvg%20xmlns%3D%27http%3A%2F%2Fwww.w3.org%2F2000%2Fsvg%27%20width%3D%27177%27%20height%3D%27240%27%20viewBox%3D%270%200%20177%20240%27%3E%3Crect%20width%3D%27177%27%20height%3D%27240%27%20fill-opacity%3D%220%22%2F%3E%3C%2Fsvg%3E\" data-orig-src=\"http:\/\/sedes.org.br\/Departamentos\/Psicanalise_da_crianca\/wp-content\/uploads\/2013\/04\/photo_2.jpg\" alt=\"\" width=\"177\" height=\"240\"><\/a><\/p>\n<p><strong>BOLETIM DO DEPARTAMENTO DE PSICANALISE DA CRIAN\u00c7A ano X, n\u00ba20, Agosto 2012<\/strong><\/p>\n<ul>\n<li><a href=\"http:\/\/sedes.org.br\/Departamentos\/Psicanalise_da_crianca\/wp-content\/uploads\/2013\/04\/2012_08-Dialogos.pdf\" target=\"_blank\" rel=\"noopener noreferrer\">Di\u00e1logos: \u201cNossos eventos e nosso setor de eventos\u201d<\/a> &#8211; conversa com colegas do setor de eventos do Departamento<\/li>\n<li><a href=\"http:\/\/sedes.org.br\/Departamentos\/Psicanalise_da_crianca\/wp-content\/uploads\/2013\/04\/2012_08-Ensaio.pdf\" target=\"_blank\" rel=\"noopener noreferrer\">Ensaio: \u201cNotas Psicanal\u00edticas sobre grupos, transfer\u00eancias e transforma\u00e7\u00f5es\u201d<\/a> &#8211; Elsa Vera Kunze Post Susemihl<\/li>\n<li><a href=\"http:\/\/sedes.org.br\/Departamentos\/Psicanalise_da_crianca\/wp-content\/uploads\/2013\/04\/2012_08-Mundo-afora.pdf\" target=\"_blank\" rel=\"noopener noreferrer\">Psican\u00e1lise Mundo Afora: \u201cAutismo e psican\u00e1lise: not\u00edcias da Fran\u00e7a\u201d<\/a> &#8211; Alessandra Barbieri<\/li>\n<li><a href=\"http:\/\/sedes.org.br\/Departamentos\/Psicanalise_da_crianca\/wp-content\/uploads\/2013\/04\/2012_08-Canal-Aberto.pdf\" target=\"_blank\" rel=\"noopener noreferrer\">Canal Aberto: \u201cConversas, Interlocu\u00e7\u00f5es\u201d<\/a> &#8211; Luciana Godoy, Ana Luisa Cordeiro, pela Comiss\u00e3o do Interlocu\u00e7\u00f5es<\/li>\n<li>Leia a <a href=\"http:\/\/www.sedes.org.br\/Departamentos\/Psicanalise_da_crianca\/boletim\/boletim20.pdf\" target=\"_blank\" rel=\"noopener noreferrer\">vers\u00e3o completa desta edi\u00e7\u00e3o (pdf)<\/a>.<\/li>\n<\/ul>\n<hr>\n<p>&nbsp;<\/p>\n<p><a href=\"http:\/\/www.sedes.org.br\/Departamentos\/Psicanalise_da_crianca\/boletim\/boletim19.pdf\"><img class=\"lazyload\" loading=\"lazy\" title=\"capa19_pp\" src=\"data:image\/svg+xml,%3Csvg%20xmlns%3D%27http%3A%2F%2Fwww.w3.org%2F2000%2Fsvg%27%20width%3D%27176%27%20height%3D%27240%27%20viewBox%3D%270%200%20176%20240%27%3E%3Crect%20width%3D%27176%27%20height%3D%27240%27%20fill-opacity%3D%220%22%2F%3E%3C%2Fsvg%3E\" data-orig-src=\"http:\/\/www.sedes.org.br\/Departamentos\/Psicanalise_da_crianca\/wp-content\/uploads\/2013\/04\/capa19_pp.jpg\" alt=\"\" width=\"176\" height=\"240\"><\/a><\/p>\n<p><strong>BOLETIM DO DEPARTAMENTO DE PSICANALISE DA CRIAN\u00c7A ano IX, n\u00ba19, Dezembro 2011<\/strong><\/p>\n<ul>\n<li>Di\u00e1logos: &#8220;Reprodu\u00e7\u00e3o assistida: novos tempos para a psican\u00e1lise?&#8221;- conversa com Ada Morgenstern<\/li>\n<li>Ensaio: &#8220;Tomando a situa\u00e7\u00e3o como paciente&#8221; &#8211; Lia Pitliuk<\/li>\n<li>Psican\u00e1lise Mundo Afora: &#8220;The Tavistock Clinic&#8221; &#8211; Stephania Batista<\/li>\n<li>Canal Aberto: &#8220;Psican\u00e1lise da Crian\u00e7a: voca\u00e7\u00e3o para o di\u00e1logo?&#8221; &#8211; Alessandra Barbieri e Julia Eid<\/li>\n<li>Leia a <a href=\"http:\/\/www.sedes.org.br\/Departamentos\/Psicanalise_da_crianca\/boletim\/boletim19.pdf\" target=\"_blank\" rel=\"noopener noreferrer\">vers\u00e3o completa desta edi\u00e7\u00e3o (pdf)<\/a>.<\/li>\n<\/ul>\n<hr>\n<p>&nbsp;<\/p>\n<p><a href=\"http:\/\/www.sedes.org.br\/Departamentos\/Psicanalise_da_crianca\/boletim\/boletim17.pdf\"><img class=\"lazyload\" loading=\"lazy\" title=\"capa17_pp\" src=\"data:image\/svg+xml,%3Csvg%20xmlns%3D%27http%3A%2F%2Fwww.w3.org%2F2000%2Fsvg%27%20width%3D%27179%27%20height%3D%27240%27%20viewBox%3D%270%200%20179%20240%27%3E%3Crect%20width%3D%27179%27%20height%3D%27240%27%20fill-opacity%3D%220%22%2F%3E%3C%2Fsvg%3E\" data-orig-src=\"http:\/\/www.sedes.org.br\/Departamentos\/Psicanalise_da_crianca\/wp-content\/uploads\/2013\/04\/capa17_pp.jpg\" alt=\"\" width=\"179\" height=\"240\"><\/a><\/p>\n<p><strong>BOLETIM DO DEPARTAMENTO DE PSICANALISE DA CRIAN\u00c7A ano VIII, n\u00ba17, Agosto 2010<\/strong><\/p>\n<ul>\n<li>Di\u00e1logos: &#8220;Escuta institucional: um novo div\u00e3 para a psican\u00e1lise?&#8221; &#8211; uma conversa com Sandra Ungeretti sobre trabalho com abrigos e crian\u00e7as abrigadas, por Julia Eid<\/li>\n<li>Ensaio: &#8220;O direito \u00e0 pr\u00f3pria hist\u00f3ria: um trabalho em abrigos&#8221; &#8211; Julia Eid<\/li>\n<li>Leia a <a href=\"http:\/\/www.sedes.org.br\/Departamentos\/Psicanalise_da_crianca\/boletim\/boletim17.pdf\" target=\"_blank\" rel=\"noopener noreferrer\">vers\u00e3o completa desta edi\u00e7\u00e3o (pdf)<\/a>.<\/li>\n<\/ul>\n<hr>\n<p>&nbsp;<\/p>\n<p><a href=\"http:\/\/www.sedes.org.br\/Departamentos\/Psicanalise_da_crianca\/boletim\/boletim16.pdf\"><img class=\"lazyload\" loading=\"lazy\" title=\"capa16_pp\" src=\"data:image\/svg+xml,%3Csvg%20xmlns%3D%27http%3A%2F%2Fwww.w3.org%2F2000%2Fsvg%27%20width%3D%27170%27%20height%3D%27240%27%20viewBox%3D%270%200%20170%20240%27%3E%3Crect%20width%3D%27170%27%20height%3D%27240%27%20fill-opacity%3D%220%22%2F%3E%3C%2Fsvg%3E\" data-orig-src=\"http:\/\/www.sedes.org.br\/Departamentos\/Psicanalise_da_crianca\/wp-content\/uploads\/2013\/04\/capa16_pp.jpg\" alt=\"\" width=\"170\" height=\"240\"><\/a><\/p>\n<p><strong>BOLETIM DO DEPARTAMENTO DE PSICANALISE DA CRIAN\u00c7A ano VIII, n\u00ba16, Janeiro 2010<\/strong><\/p>\n<ul>\n<li>Di\u00e1logos: &#8220;Era uma vez um Hospital-dia, crian\u00e7as doentes e um grupo que contava hist\u00f3rias&#8221; &#8211; Adriane Bacellar Duarte Lima<\/li>\n<li>Canal Aberto: &#8220;Diversidade e Maturidade&#8221; &#8211; Denise Feliciano<\/li>\n<li>Leia a <a href=\"http:\/\/www.sedes.org.br\/Departamentos\/Psicanalise_da_crianca\/boletim\/boletim16.pdf\" target=\"_blank\" rel=\"noopener noreferrer\">vers\u00e3o completa desta edi\u00e7\u00e3o (pdf)<\/a>.<\/li>\n<\/ul>\n<hr>\n<p>&nbsp;<\/p>\n<p><a href=\"http:\/\/www.sedes.org.br\/Departamentos\/Psicanalise_da_crianca\/boletim\/boletim13.pdf\"><img class=\"lazyload\" loading=\"lazy\" title=\"capa13_pp\" src=\"data:image\/svg+xml,%3Csvg%20xmlns%3D%27http%3A%2F%2Fwww.w3.org%2F2000%2Fsvg%27%20width%3D%27169%27%20height%3D%27240%27%20viewBox%3D%270%200%20169%20240%27%3E%3Crect%20width%3D%27169%27%20height%3D%27240%27%20fill-opacity%3D%220%22%2F%3E%3C%2Fsvg%3E\" data-orig-src=\"http:\/\/www.sedes.org.br\/Departamentos\/Psicanalise_da_crianca\/wp-content\/uploads\/2013\/04\/capa13_pp.jpg\" alt=\"\" width=\"169\" height=\"240\"><\/a><\/p>\n<p><strong>BOLETIM DO DEPARTAMENTO DE PSICANALISE DA CRIAN\u00c7A ano VI, n\u00ba13, Junho 2008<\/strong><\/p>\n<ul>\n<li>Di\u00e1logos: &#8220;Conversando sobre Antonino Ferro&#8221; &#8211; Elsa Vera Kunze Post Susemihl e Ester Hadassa Sandler<\/li>\n<li>Ensaio: &#8220;Temporalidade da inf\u00e2ncia&#8221; &#8211; Marcelo Coelho<\/li>\n<li>Canal Aberto: &#8220;Quando uma crian\u00e7a nos devolve a honra&#8221; &#8211; Lia Fernandes<\/li>\n<li>Leia a <a href=\"http:\/\/www.sedes.org.br\/Departamentos\/Psicanalise_da_crianca\/boletim\/boletim13.pdf\" target=\"_blank\" rel=\"noopener noreferrer\">vers\u00e3o completa desta edi\u00e7\u00e3o (pdf)<\/a>.<\/li>\n<\/ul>\n<hr>\n<p>&nbsp;<\/p>\n<p><a href=\"http:\/\/www.sedes.org.br\/Departamentos\/Psicanalise_da_crianca\/boletim\/boletim12.pdf\"><img class=\"lazyload\" loading=\"lazy\" title=\"capa12_pp\" src=\"data:image\/svg+xml,%3Csvg%20xmlns%3D%27http%3A%2F%2Fwww.w3.org%2F2000%2Fsvg%27%20width%3D%27172%27%20height%3D%27240%27%20viewBox%3D%270%200%20172%20240%27%3E%3Crect%20width%3D%27172%27%20height%3D%27240%27%20fill-opacity%3D%220%22%2F%3E%3C%2Fsvg%3E\" data-orig-src=\"http:\/\/www.sedes.org.br\/Departamentos\/Psicanalise_da_crianca\/wp-content\/uploads\/2013\/04\/capa12_pp.jpg\" alt=\"\" width=\"172\" height=\"240\"><\/a><\/p>\n<p><strong>BOLETIM DO DEPARTAMENTO DE PSICANALISE DA CRIAN\u00c7A ano V, n\u00ba12, Outubro 2007<\/strong><\/p>\n<ul>\n<li>Di\u00e1logos: &#8220;Psican\u00e1lise visita arte-literatura&#8221; &#8211; Fernanda Maria Colucci e Yudith Rosenbaum; &#8220;Resson\u00e2ncias&#8221; &#8211; Elsa Vera Kunze Post Susemihl<\/li>\n<li>Ensaio: &#8220;&#8230; e o dia durar\u00e1 quanto queiras&#8221; &#8211; Denise de Sousa Feliciano<\/li>\n<li>Canal Aberto: &#8220;Tempo para comemorar&#8221; &#8211; Bernardo Tanis<\/li>\n<li>Leia a <a href=\"http:\/\/www.sedes.org.br\/Departamentos\/Psicanalise_da_crianca\/boletim\/boletim12.pdf\" target=\"_blank\" rel=\"noopener noreferrer\">vers\u00e3o completa desta edi\u00e7\u00e3o (pdf)<\/a>.<\/li>\n<\/ul>\n","protected":false},"excerpt":{"rendered":"<p>BOLETIM DO DEPARTAMENTO DE PSICANALISE DA CRIAN\u00c7A ano XI, n\u00ba22,<\/p>\n","protected":false},"author":1,"featured_media":0,"comment_status":"closed","ping_status":"closed","sticky":false,"template":"","format":"standard","meta":{"content-type":""},"categories":[8],"tags":[],"_links":{"self":[{"href":"https:\/\/sedes.org.br\/Departamentos\/Psicanalise_da_crianca\/index.php?rest_route=\/wp\/v2\/posts\/940"}],"collection":[{"href":"https:\/\/sedes.org.br\/Departamentos\/Psicanalise_da_crianca\/index.php?rest_route=\/wp\/v2\/posts"}],"about":[{"href":"https:\/\/sedes.org.br\/Departamentos\/Psicanalise_da_crianca\/index.php?rest_route=\/wp\/v2\/types\/post"}],"author":[{"embeddable":true,"href":"https:\/\/sedes.org.br\/Departamentos\/Psicanalise_da_crianca\/index.php?rest_route=\/wp\/v2\/users\/1"}],"replies":[{"embeddable":true,"href":"https:\/\/sedes.org.br\/Departamentos\/Psicanalise_da_crianca\/index.php?rest_route=%2Fwp%2Fv2%2Fcomments&post=940"}],"version-history":[{"count":20,"href":"https:\/\/sedes.org.br\/Departamentos\/Psicanalise_da_crianca\/index.php?rest_route=\/wp\/v2\/posts\/940\/revisions"}],"predecessor-version":[{"id":3221,"href":"https:\/\/sedes.org.br\/Departamentos\/Psicanalise_da_crianca\/index.php?rest_route=\/wp\/v2\/posts\/940\/revisions\/3221"}],"wp:attachment":[{"href":"https:\/\/sedes.org.br\/Departamentos\/Psicanalise_da_crianca\/index.php?rest_route=%2Fwp%2Fv2%2Fmedia&parent=940"}],"wp:term":[{"taxonomy":"category","embeddable":true,"href":"https:\/\/sedes.org.br\/Departamentos\/Psicanalise_da_crianca\/index.php?rest_route=%2Fwp%2Fv2%2Fcategories&post=940"},{"taxonomy":"post_tag","embeddable":true,"href":"https:\/\/sedes.org.br\/Departamentos\/Psicanalise_da_crianca\/index.php?rest_route=%2Fwp%2Fv2%2Ftags&post=940"}],"curies":[{"name":"wp","href":"https:\/\/api.w.org\/{rel}","templated":true}]}}