{"id":943,"date":"2013-04-15T19:29:25","date_gmt":"2013-04-15T22:29:25","guid":{"rendered":"http:\/\/sedes.mopen.com.br\/Departamentos\/Psicanalise_da_crianca\/?p=943"},"modified":"2024-10-15T12:05:13","modified_gmt":"2024-10-15T15:05:13","slug":"dvds","status":"publish","type":"post","link":"https:\/\/sedes.org.br\/Departamentos\/Psicanalise_da_crianca\/?p=943","title":{"rendered":"DVDs"},"content":{"rendered":"<p>Estes DVDs cont\u00eam filmagens editadas de eventos realizados pelo Departamento de Psican\u00e1lise com Crian\u00e7as.<\/p>\n<p>Informa\u00e7\u00f5es para consulta e\/ou aquisi\u00e7\u00e3o: <a href=\"mailto:psicanalisedacrianca.sedes@gmail.com\">psicanalisedacrianca.sedes@gmail.com<\/a><\/p>\n<hr>\n<p><a href=\"http:\/\/sedes.org.br\/Departamentos\/Psicanalise_da_crianca\/wp-content\/uploads\/2013\/04\/dvd_subjetivacao_1.jpg\" rel=\"lightbox[dvd_subjetivacao]\"><img class=\"lazyload\" fetchpriority=\"high\" title=\"dvd_subjetivacao_1\" src=\"data:image\/svg+xml,%3Csvg%20xmlns%3D%27http%3A%2F%2Fwww.w3.org%2F2000%2Fsvg%27%20width%3D%27208%27%20height%3D%27300%27%20viewBox%3D%270%200%20208%20300%27%3E%3Crect%20width%3D%27208%27%20height%3D%27300%27%20fill-opacity%3D%220%22%2F%3E%3C%2Fsvg%3E\" data-orig-src=\"http:\/\/sedes.org.br\/Departamentos\/Psicanalise_da_crianca\/wp-content\/uploads\/2013\/04\/dvd_subjetivacao_1-208x300.jpg\" alt=\"\" width=\"208\" height=\"300\"><br \/>\nmais imagens<\/a><\/p>\n<p><strong>T\u00edtulo: Os Movimentos de Subjetiva\u00e7\u00e3o nas Configura\u00e7\u00f5es Familiares Atuais<\/strong><\/p>\n<p>Conferencistas: Lia Plitiuk, Dayse C.F. Bernardi, Fl\u00e1vio Frasseto, Cristina M. E. Herrera, Marcia Regina Porto Ferreira, Marcelo Silber, Fl\u00e1via Blay Levisky, Mari\u00e2ngela Mendes de Almeida, Leandro de Lajonqui\u00e8re, Victor Guerra, Maria Rita Kehl.<\/p>\n<p>Datas: 26 e 27\/08\/2011.<br \/>\n<em><\/em><\/p>\n<p><em>Volume 1<\/em>: Mesa Redonda &#8211; &#8220;Aliena\u00e7\u00e3o Parental&#8221;: entre a interven\u00e7\u00e3o cl\u00ednica e jur\u00eddica; Mesa Redonda: Enigma das origens nas reprodu\u00e7\u00f5es assistidas: da medicina \u00e0 psican\u00e1lise.<br \/>\n<em><\/em><\/p>\n<p><em>Volume 2<\/em>: Mesa Redonda: Abandono em presen\u00e7a: pais ocupados com o qu\u00ea?; Mesa Redonda: Homoparentalidade: sustentando as diferen\u00e7as.<\/p>\n<hr>\n<p><a href=\"http:\/\/sedes.org.br\/Departamentos\/Psicanalise_da_crianca\/wp-content\/uploads\/2013\/04\/dvd_100anos_1.jpg\" rel=\"lightbox[dvd_100anos]\"><img class=\"lazyload\" src=\"data:image\/svg+xml,%3Csvg%20xmlns%3D%27http%3A%2F%2Fwww.w3.org%2F2000%2Fsvg%27%20width%3D%27210%27%20height%3D%27300%27%20viewBox%3D%270%200%20210%20300%27%3E%3Crect%20width%3D%27210%27%20height%3D%27300%27%20fill-opacity%3D%220%22%2F%3E%3C%2Fsvg%3E\" data-orig-src=\"http:\/\/sedes.org.br\/Departamentos\/Psicanalise_da_crianca\/wp-content\/uploads\/2013\/04\/dvd_100anos_1-210x300.jpg\" alt=\"\" width=\"210\" height=\"300\"><br \/>\nmais imagens<\/a><\/p>\n<p><strong>T\u00edtulo: Col\u00f3quio 100 Anos de Psican\u00e1lise com Crian\u00e7as<\/strong><\/p>\n<p>Conferencistas: Izelinda Barros, Mary Ono, Ana Sigal, Bernardo Tanis, \u00c2ngela Vorcaro, Audrey S. Lopes de Souza, Alfredo Jerusalinsky, Marcia Regina Porto Ferreira.<\/p>\n<p>Data: 28 e 29\/08\/2009.<\/p>\n<p><em>Volume 1<\/em>:&#8221;Hans e o pequeno homem galo: os caminhos da psican\u00e1lise de crian\u00e7as&#8221;, Izelinda Barros; &#8220;Psican\u00e1lise com crian\u00e7as: revisitando hist\u00f3rias&#8221;, Mary Ono, &#8220;O que a psican\u00e1lise tem a nos dizer sobre a chamada &#8216;S\u00edndrome de Desaten\u00e7\u00e3o com ou sem Hiperatividade &#8211; ADHD&#8221;, Ana Sigal; &#8220;A Psican\u00e1lise e as neuroses na inf\u00e2ncia 100 anos depois&#8221;, Bernardo Tanis.<\/p>\n<p><em>Volume 2<\/em>: &#8220;O &#8216;Eu&#8217; em jogo no drama familiar&#8221;, \u00c2ngela Vorcaro; &#8220;Existe lugar para os pais reais? Uma reflex\u00e3o sobre o papel do objeto externo na constitui\u00e7\u00e3o do sujeito na cl\u00ednica kleiniana&#8221;, Audrey S. Lopes de Souza; &#8220;Linguagem, sintoma e ang\u00fastia na crian\u00e7a&#8221;, Alfredo Jerusalinsky; &#8220;Sustentando a ang\u00fastia na cl\u00ednica psicanal\u00edtica com crian\u00e7as&#8221;, Marcia Regina Porto Ferreira.<\/p>\n<p>+ <a href=\"http:\/\/sedes.org.br\/Departamentos\/Psicanalise_da_crianca\/?p=277\">Acesse a <strong>Eventoteca<\/strong> para saber mais sobre este evento.<\/a><\/p>\n<hr>\n<p><a href=\"http:\/\/sedes.org.br\/Departamentos\/Psicanalise_da_crianca\/wp-content\/uploads\/2013\/04\/dvd_transferencia_1.jpg\" rel=\"lightbox[dvd_transferencia]\"><img class=\"lazyload\" src=\"data:image\/svg+xml,%3Csvg%20xmlns%3D%27http%3A%2F%2Fwww.w3.org%2F2000%2Fsvg%27%20width%3D%27209%27%20height%3D%27300%27%20viewBox%3D%270%200%20209%20300%27%3E%3Crect%20width%3D%27209%27%20height%3D%27300%27%20fill-opacity%3D%220%22%2F%3E%3C%2Fsvg%3E\" data-orig-src=\"http:\/\/sedes.org.br\/Departamentos\/Psicanalise_da_crianca\/wp-content\/uploads\/2013\/04\/dvd_transferencia_1-209x300.jpg\" alt=\"\" width=\"209\" height=\"300\"><br \/>\nmais imagens<\/a><\/p>\n<p><strong>T\u00edtulo: Transfer\u00eancia e Interpreta\u00e7\u00e3o na Psican\u00e1lise com Crian\u00e7as: Diferentes Perspectivas em Di\u00e1logo<\/strong><\/p>\n<p>Conferencistas: Audrey Setton Lopes de Souza, Bernardo Tanis, Elsa Susemihl, Ester Sandler, Lia Pitliuk, Jussara Falek, Maria Cec\u00edlia Pereira da Silva, Maria do Carmo Vidigal Meyer Dittmar, Maria Helena de Souza Fontes, Silvana Rabello, S\u00edlvia Zornig, Tales Ab&#8217;Saber.<\/p>\n<p>Data: 8\/11\/2008.<\/p>\n<p><em>Volume 1<\/em>: Transfer\u00eancia na Cl\u00ednica Psicanal\u00edtica com Crian\u00e7as &#8211; mesa 1: Bernardo Tanis, Ester Sandler, Silvia Zornig. Adela Stoppel de Gueller (coordena\u00e7\u00e3o); mesa 2: Audrey S. Lopes de Souza, Silvana Rabello, Tales Ab&#8217;Saber. Myrna Pia Favilli (coordena\u00e7\u00e3o).<\/p>\n<p><em>Volume 2<\/em>: Interpreta\u00e7\u00e3o na Cl\u00ednica Psicanal\u00edtica com Crian\u00e7as &#8211; mesa 1: Elsa Susemihl, Jussara Falek, Lia Pitliuk. Audrey S. Lopes de Souza (coordena\u00e7\u00e3o); mesa 2: Maria Cec\u00edlia Pereira da Silva, Maria do Carmo V. Meyer Dittmar, Maria Helena de Souza Fontes. Ada Morgenstern.<\/p>\n<hr>\n<p><a href=\"http:\/\/sedes.org.br\/Departamentos\/Psicanalise_da_crianca\/wp-content\/uploads\/2013\/04\/photo_6.jpg\" rel=\"lightbox[dvd_alfredo]\"><img class=\"lazyload\" loading=\"lazy\" src=\"data:image\/svg+xml,%3Csvg%20xmlns%3D%27http%3A%2F%2Fwww.w3.org%2F2000%2Fsvg%27%20width%3D%27212%27%20height%3D%27300%27%20viewBox%3D%270%200%20212%20300%27%3E%3Crect%20width%3D%27212%27%20height%3D%27300%27%20fill-opacity%3D%220%22%2F%3E%3C%2Fsvg%3E\" data-orig-src=\"http:\/\/sedes.org.br\/Departamentos\/Psicanalise_da_crianca\/wp-content\/uploads\/2013\/04\/photo_6.jpg\" alt=\"\" width=\"212\" height=\"300\"><\/a><br \/>\n<strong>T\u00edtulo: O Brincar e a sua Interpreta\u00e7\u00e3o \u2013 Suportes Imagin\u00e1rios dos Significantes na Inf\u00e2ncia<\/strong><\/p>\n<p>Conferencista: Alfredo Jerusalinsky.<\/p>\n<p>Data: 01\/09\/2007<\/p>\n<p><em>Volume 1<\/em>: Semin\u00e1rio Cl\u00ednico<br \/>\n<em>Volume 2<\/em>: Semin\u00e1rio Te\u00f3rico<\/p>\n<hr>\n<p><a href=\"http:\/\/sedes.org.br\/Departamentos\/Psicanalise_da_crianca\/wp-content\/uploads\/2013\/04\/dvd_fendrik_1.jpg\" rel=\"lightbox[dvd_fendrik]\"><img class=\"lazyload\" loading=\"lazy\" src=\"data:image\/svg+xml,%3Csvg%20xmlns%3D%27http%3A%2F%2Fwww.w3.org%2F2000%2Fsvg%27%20width%3D%27213%27%20height%3D%27300%27%20viewBox%3D%270%200%20213%20300%27%3E%3Crect%20width%3D%27213%27%20height%3D%27300%27%20fill-opacity%3D%220%22%2F%3E%3C%2Fsvg%3E\" data-orig-src=\"http:\/\/sedes.org.br\/Departamentos\/Psicanalise_da_crianca\/wp-content\/uploads\/2013\/04\/dvd_fendrik_1-213x300.jpg\" alt=\"\" width=\"213\" height=\"300\"><br \/>\nmais imagens<\/a><\/p>\n<p><strong>T\u00edtulo: Encontro com Silvia Fendrik &#8211; Teoria e Cl\u00ednica<\/strong><\/p>\n<p>Conferencista: Silvia Fendrik.<\/p>\n<p>Data: 13\/04\/2007<\/p>\n<p><em>Volume 1<\/em>: Semin\u00e1rio Cl\u00ednico<br \/>\n<em>Volume 2<\/em>: Semin\u00e1rio Te\u00f3rico<\/p>\n","protected":false},"excerpt":{"rendered":"<p>Estes DVDs cont\u00eam filmagens editadas de eventos realizados pelo Departamento<\/p>\n","protected":false},"author":1,"featured_media":0,"comment_status":"closed","ping_status":"closed","sticky":false,"template":"","format":"standard","meta":{"content-type":""},"categories":[8],"tags":[],"_links":{"self":[{"href":"https:\/\/sedes.org.br\/Departamentos\/Psicanalise_da_crianca\/index.php?rest_route=\/wp\/v2\/posts\/943"}],"collection":[{"href":"https:\/\/sedes.org.br\/Departamentos\/Psicanalise_da_crianca\/index.php?rest_route=\/wp\/v2\/posts"}],"about":[{"href":"https:\/\/sedes.org.br\/Departamentos\/Psicanalise_da_crianca\/index.php?rest_route=\/wp\/v2\/types\/post"}],"author":[{"embeddable":true,"href":"https:\/\/sedes.org.br\/Departamentos\/Psicanalise_da_crianca\/index.php?rest_route=\/wp\/v2\/users\/1"}],"replies":[{"embeddable":true,"href":"https:\/\/sedes.org.br\/Departamentos\/Psicanalise_da_crianca\/index.php?rest_route=%2Fwp%2Fv2%2Fcomments&post=943"}],"version-history":[{"count":63,"href":"https:\/\/sedes.org.br\/Departamentos\/Psicanalise_da_crianca\/index.php?rest_route=\/wp\/v2\/posts\/943\/revisions"}],"predecessor-version":[{"id":3222,"href":"https:\/\/sedes.org.br\/Departamentos\/Psicanalise_da_crianca\/index.php?rest_route=\/wp\/v2\/posts\/943\/revisions\/3222"}],"wp:attachment":[{"href":"https:\/\/sedes.org.br\/Departamentos\/Psicanalise_da_crianca\/index.php?rest_route=%2Fwp%2Fv2%2Fmedia&parent=943"}],"wp:term":[{"taxonomy":"category","embeddable":true,"href":"https:\/\/sedes.org.br\/Departamentos\/Psicanalise_da_crianca\/index.php?rest_route=%2Fwp%2Fv2%2Fcategories&post=943"},{"taxonomy":"post_tag","embeddable":true,"href":"https:\/\/sedes.org.br\/Departamentos\/Psicanalise_da_crianca\/index.php?rest_route=%2Fwp%2Fv2%2Ftags&post=943"}],"curies":[{"name":"wp","href":"https:\/\/api.w.org\/{rel}","templated":true}]}}