{"id":960,"date":"2013-04-15T20:17:45","date_gmt":"2013-04-15T23:17:45","guid":{"rendered":"http:\/\/sedes.mopen.com.br\/Departamentos\/Psicanalise_da_crianca\/?p=960"},"modified":"2023-08-06T21:46:47","modified_gmt":"2023-08-07T00:46:47","slug":"grupo-gemelar","status":"publish","type":"post","link":"https:\/\/sedes.org.br\/Departamentos\/Psicanalise_da_crianca\/?p=960","title":{"rendered":"Grupo Gemelar e Reprodu\u00e7\u00e3o Assistida"},"content":{"rendered":"<p>Reunidas a partir da grande incid\u00eancia de nascimentos de g\u00eameos na contemporaneidade, Ada Morgenstern, Adela S. Gueller e M\u00e1rcia P. Ferreira, membros do Departamento e professoras do curso de especializa\u00e7\u00e3o Psican\u00e1lise da Crian\u00e7a, constitu\u00edram, em junho de 2010, um novo grupo no setor Cl\u00ednica e Pesquisa, com o nome de <strong>Grupo Gemelar\u00a0e reprodu\u00e7\u00e3o assistida: novos desafios para a psican\u00e1lise<\/strong>.<\/p>\n<p>Quest\u00f5es como a medicaliza\u00e7\u00e3o do desejo de ter filhos, a elabora\u00e7\u00e3o que se faz necess\u00e1ria da equival\u00eancia falo-beb\u00ea no investimento materno quando \u00e9 mais de uma crian\u00e7a que nasce, a constitui\u00e7\u00e3o da subjetividade de crian\u00e7as g\u00eameas, as particularidades da fun\u00e7\u00e3o fraterna e paterna, e outras que surgem a partir dessa cl\u00ednica, s\u00e3o alguns dos temas sobre os quais pesquisam.<\/p>\n<p>Constitu\u00eddo inicialmente como um grupo fechado, e assim funcionando dessa forma at\u00e9 os dias de hoje, est\u00e1 composto, desde 2012, somente por Ada e Adela, que se re\u00fanem quinzenalmente \u00a0para discutir, estudar e produzir material. A proposta \u00e9 levar essa produ\u00e7\u00e3o para diferentes espa\u00e7os, tanto internos quanto externos ao Departamento, tais como jornadas, congressos de psican\u00e1lise, palestras, trabalhos com escolas, bem como produzir \u00a0artigos para revistas especializadas.<\/p>\n","protected":false},"excerpt":{"rendered":"<p>Reunidas a partir da grande incid\u00eancia de nascimentos de g\u00eameos<\/p>\n","protected":false},"author":1,"featured_media":992,"comment_status":"closed","ping_status":"closed","sticky":false,"template":"","format":"standard","meta":{"content-type":""},"categories":[13],"tags":[],"_links":{"self":[{"href":"https:\/\/sedes.org.br\/Departamentos\/Psicanalise_da_crianca\/index.php?rest_route=\/wp\/v2\/posts\/960"}],"collection":[{"href":"https:\/\/sedes.org.br\/Departamentos\/Psicanalise_da_crianca\/index.php?rest_route=\/wp\/v2\/posts"}],"about":[{"href":"https:\/\/sedes.org.br\/Departamentos\/Psicanalise_da_crianca\/index.php?rest_route=\/wp\/v2\/types\/post"}],"author":[{"embeddable":true,"href":"https:\/\/sedes.org.br\/Departamentos\/Psicanalise_da_crianca\/index.php?rest_route=\/wp\/v2\/users\/1"}],"replies":[{"embeddable":true,"href":"https:\/\/sedes.org.br\/Departamentos\/Psicanalise_da_crianca\/index.php?rest_route=%2Fwp%2Fv2%2Fcomments&post=960"}],"version-history":[{"count":11,"href":"https:\/\/sedes.org.br\/Departamentos\/Psicanalise_da_crianca\/index.php?rest_route=\/wp\/v2\/posts\/960\/revisions"}],"predecessor-version":[{"id":3465,"href":"https:\/\/sedes.org.br\/Departamentos\/Psicanalise_da_crianca\/index.php?rest_route=\/wp\/v2\/posts\/960\/revisions\/3465"}],"wp:featuredmedia":[{"embeddable":true,"href":"https:\/\/sedes.org.br\/Departamentos\/Psicanalise_da_crianca\/index.php?rest_route=\/wp\/v2\/media\/992"}],"wp:attachment":[{"href":"https:\/\/sedes.org.br\/Departamentos\/Psicanalise_da_crianca\/index.php?rest_route=%2Fwp%2Fv2%2Fmedia&parent=960"}],"wp:term":[{"taxonomy":"category","embeddable":true,"href":"https:\/\/sedes.org.br\/Departamentos\/Psicanalise_da_crianca\/index.php?rest_route=%2Fwp%2Fv2%2Fcategories&post=960"},{"taxonomy":"post_tag","embeddable":true,"href":"https:\/\/sedes.org.br\/Departamentos\/Psicanalise_da_crianca\/index.php?rest_route=%2Fwp%2Fv2%2Ftags&post=960"}],"curies":[{"name":"wp","href":"https:\/\/api.w.org\/{rel}","templated":true}]}}